{"id":1795,"date":"2020-07-03T16:10:28","date_gmt":"2020-07-03T19:10:28","guid":{"rendered":"http:\/\/itapicurufm.com.br\/?p=1795"},"modified":"2020-07-03T16:10:30","modified_gmt":"2020-07-03T19:10:30","slug":"homem-morre-em-acidente-quando-vinha-para-ponto-novo","status":"publish","type":"post","link":"https:\/\/itapicurufm.com.br\/index.php\/2020\/07\/03\/homem-morre-em-acidente-quando-vinha-para-ponto-novo\/","title":{"rendered":"Homem morre em acidente quando vinha para Ponto Novo"},"content":{"rendered":"\n<p>Morreu na noite de quinta-feira, 02, v\u00edtima de um tr\u00e1gico acidente na BR 324, a cerca de 6 quil\u00f4metros da cidade de Gavi\u00e3o, no territ\u00f3rio da Bacia do Jacu\u00edpe, Jackson de Lima Carneiro, 27 anos, morador do Povoado Terra Branca, munic\u00edpio de Riach\u00e3o do Jacu\u00edpe.<\/p>\n\n\n\n<p>Informa\u00e7\u00f5es apuradas pelo Calila Not\u00edcias junto a uma amiga de inf\u00e2ncia, conselheira tutelar e ex-guarda municipal de Concei\u00e7\u00e3o do Coit\u00e9, Suzete De Oliveira, d\u00e3o conta que Jaquinho como \u00e9 conhecido deixou sua casa por volta das 21h em um Fiat Strada com destino a cidade de Ponto Novo para buscar uma carga de queijo, cuja f\u00e1brica pertence ao pai dele, Jailson Carneiro (Sinho), mas n\u00e3o tinha ainda percorrido a metade do destino quando ap\u00f3s fazer uma ultrapassagem colidiu com uma carreta ba\u00fa e o impacto foi t\u00e3o violento que Jaquinho morreu na hora. <strong>Veja o v\u00eddeo do local do acidente enviado por um leitor do CN<\/strong><\/p>\n\n\n\n<figure class=\"wp-block-embed-youtube wp-block-embed is-type-video is-provider-youtube wp-embed-aspect-16-9 wp-has-aspect-ratio\"><div class=\"wp-block-embed__wrapper\">\n<iframe loading=\"lazy\" title=\"Morador de Terra Branca - Riach\u00e3o do Jacu\u00edpe morre v\u00edtima de acidente pr\u00f3ximo a Gavi\u00e3o\" width=\"800\" height=\"450\" src=\"https:\/\/www.youtube.com\/embed\/7DkTAcYa0jg?feature=oembed\" frameborder=\"0\" allow=\"accelerometer; autoplay; encrypted-media; gyroscope; picture-in-picture\" allowfullscreen><\/iframe>\n<\/div><\/figure>\n\n\n\n<p>O corpo foi levado para o Departamento de Pol\u00edcia T\u00e9cnica (DPT) de Jacobina onde permanecia at\u00e9 o fechamento desta mat\u00e9ria \u00e0s 11h49.<\/p>\n\n\n\n<p>Jackson era casado e deixa um filho de 4 anos.<\/p>\n\n\n\n<p>Sinho, pai de Jackson \u00e9 primo do empres\u00e1rio Wagner da Empresa WA Distribuidora.<\/p>\n","protected":false},"excerpt":{"rendered":"<p>Morreu na noite de quinta-feira, 02, v\u00edtima de um tr\u00e1gico acidente na BR 324, a cerca de 6 quil\u00f4metros da<\/p>\n","protected":false},"author":4,"featured_media":1796,"comment_status":"open","ping_status":"closed","sticky":false,"template":"","format":"standard","meta":{"colormag_page_container_layout":"default_layout","colormag_page_sidebar_layout":"default_layout","footnotes":""},"categories":[3,1],"tags":[],"class_list":["post-1795","post","type-post","status-publish","format-standard","has-post-thumbnail","hentry","category-pontonovo","category-geral"],"_links":{"self":[{"href":"https:\/\/itapicurufm.com.br\/index.php\/wp-json\/wp\/v2\/posts\/1795","targetHints":{"allow":["GET"]}}],"collection":[{"href":"https:\/\/itapicurufm.com.br\/index.php\/wp-json\/wp\/v2\/posts"}],"about":[{"href":"https:\/\/itapicurufm.com.br\/index.php\/wp-json\/wp\/v2\/types\/post"}],"author":[{"embeddable":true,"href":"https:\/\/itapicurufm.com.br\/index.php\/wp-json\/wp\/v2\/users\/4"}],"replies":[{"embeddable":true,"href":"https:\/\/itapicurufm.com.br\/index.php\/wp-json\/wp\/v2\/comments?post=1795"}],"version-history":[{"count":1,"href":"https:\/\/itapicurufm.com.br\/index.php\/wp-json\/wp\/v2\/posts\/1795\/revisions"}],"predecessor-version":[{"id":1797,"href":"https:\/\/itapicurufm.com.br\/index.php\/wp-json\/wp\/v2\/posts\/1795\/revisions\/1797"}],"wp:featuredmedia":[{"embeddable":true,"href":"https:\/\/itapicurufm.com.br\/index.php\/wp-json\/wp\/v2\/media\/1796"}],"wp:attachment":[{"href":"https:\/\/itapicurufm.com.br\/index.php\/wp-json\/wp\/v2\/media?parent=1795"}],"wp:term":[{"taxonomy":"category","embeddable":true,"href":"https:\/\/itapicurufm.com.br\/index.php\/wp-json\/wp\/v2\/categories?post=1795"},{"taxonomy":"post_tag","embeddable":true,"href":"https:\/\/itapicurufm.com.br\/index.php\/wp-json\/wp\/v2\/tags?post=1795"}],"curies":[{"name":"wp","href":"https:\/\/api.w.org\/{rel}","templated":true}]}}