{"id":1781,"date":"2020-07-03T06:38:04","date_gmt":"2020-07-03T09:38:04","guid":{"rendered":"http:\/\/itapicurufm.com.br\/?p=1781"},"modified":"2020-07-03T06:38:05","modified_gmt":"2020-07-03T09:38:05","slug":"homem-e-detido-apos-retirar-corpo-da-avo-de-tumulo-e-dancar-com-cadaver-na-rua","status":"publish","type":"post","link":"https:\/\/itapicurufm.com.br\/index.php\/2020\/07\/03\/homem-e-detido-apos-retirar-corpo-da-avo-de-tumulo-e-dancar-com-cadaver-na-rua\/","title":{"rendered":"Homem \u00e9 detido ap\u00f3s retirar corpo da av\u00f3 de t\u00famulo e dan\u00e7ar com cad\u00e1ver na rua"},"content":{"rendered":"\n<p>Um homem identificado como Andr\u00e9 Augusto Janu\u00e1rio da Silva, 32 anos, foi detido em Manaus, capital do Amazonas, ap\u00f3s desenterrar o corpo da av\u00f3 do cemit\u00e9rio Morro da Liberdade, localizado na&nbsp;Zona Sul da cidade, e dan\u00e7ar com o cad\u00e1ver na rua. O fato aconteceu na madrugada desta quinta-feira (2) e, segundo a pol\u00edcia, a fam\u00edlia do homem informou que ele tem problemas psiqui\u00e1tricos.<\/p>\n\n\n\n<p>Ainda de acordo com informa\u00e7\u00f5es da pol\u00edcia local, ele foi levado para a delegacia e depois para um pronto socorro, onde deve ficar at\u00e9 receber alta. Depois que for liberado, o homem deve&nbsp;prestar depoimento sobre o caso. O&nbsp;homem n\u00e3o possui passagem ou antecedentes criminais, segundo a pol\u00edcia, que informou ainda que o corpo da idosa foi devolvido \u00e0 sepultura.<\/p>\n\n\n\n<p>O homem saiu do cemit\u00e9rio com o cad\u00e1ver nos ombros, caminhando pela rua, quando policiais foram acionados ap\u00f3s ele ser visto dan\u00e7ando abra\u00e7ado ao corpo a cerca de 1 quil\u00f4metro de dist\u00e2ncia do cemit\u00e9rio, no&nbsp; Centro da capital.<\/p>\n\n\n\n<p>O homem foi amarrado por populares e familiares num poste at\u00e9 a chegada da pol\u00edcia. O corpo estava no ch\u00e3o no momento da chegada de policiais .<\/p>\n\n\n\n<p>\u201cEle estava completamente transtornado e dizia o tempo todo que queria fazer na av\u00f3 um transplante para traz\u00ea-la de volta \u00e0 vida porque sentia muita saudade. Ele disse que iria doar todos os seus \u00f3rg\u00e3os a ela\u201d, afirmou o tenente Paulo Ara\u00fajo, da 2\u00aa Cicom, em entrevista ao G1.<\/p>\n\n\n\n<p>\u201cFamiliares informaram que ele tem um laudo m\u00e9dico informando que ele tem transtornos mentais e que ele tinha interesse em resgatar, al\u00e9m da av\u00f3, outros familiares\u201d, completou o tenente.<\/p>\n\n\n\n<p>Outras tentativas de retirar corpo<br>De acordo com informa\u00e7\u00f5es da 2\u00aa Companhia Interativa Comunit\u00e1ria (Cicom), que atendeu a ocorr\u00eancia, familiares contaram o homem costuma ir at\u00e9 o cemit\u00e9rio para conversar com a av\u00f3, que morreu em 2018. aos 61 anos, e outros parentes enterrados no local.<\/p>\n\n\n\n<p>Ainda segundo a PM, testemunhas informaram que o homem j\u00e1 havia tentado retirar o cad\u00e1ver da av\u00f3 do cemit\u00e9rio em outras ocasi\u00f5es.<\/p>\n\n\n\n<p>Correio<\/p>\n","protected":false},"excerpt":{"rendered":"<p>Um homem identificado como Andr\u00e9 Augusto Janu\u00e1rio da Silva, 32 anos, foi detido em Manaus, capital do Amazonas, ap\u00f3s desenterrar<\/p>\n","protected":false},"author":4,"featured_media":1782,"comment_status":"open","ping_status":"closed","sticky":false,"template":"","format":"standard","meta":{"colormag_page_container_layout":"default_layout","colormag_page_sidebar_layout":"default_layout","footnotes":""},"categories":[8],"tags":[],"class_list":["post-1781","post","type-post","status-publish","format-standard","has-post-thumbnail","hentry","category-brasil"],"_links":{"self":[{"href":"https:\/\/itapicurufm.com.br\/index.php\/wp-json\/wp\/v2\/posts\/1781","targetHints":{"allow":["GET"]}}],"collection":[{"href":"https:\/\/itapicurufm.com.br\/index.php\/wp-json\/wp\/v2\/posts"}],"about":[{"href":"https:\/\/itapicurufm.com.br\/index.php\/wp-json\/wp\/v2\/types\/post"}],"author":[{"embeddable":true,"href":"https:\/\/itapicurufm.com.br\/index.php\/wp-json\/wp\/v2\/users\/4"}],"replies":[{"embeddable":true,"href":"https:\/\/itapicurufm.com.br\/index.php\/wp-json\/wp\/v2\/comments?post=1781"}],"version-history":[{"count":1,"href":"https:\/\/itapicurufm.com.br\/index.php\/wp-json\/wp\/v2\/posts\/1781\/revisions"}],"predecessor-version":[{"id":1783,"href":"https:\/\/itapicurufm.com.br\/index.php\/wp-json\/wp\/v2\/posts\/1781\/revisions\/1783"}],"wp:featuredmedia":[{"embeddable":true,"href":"https:\/\/itapicurufm.com.br\/index.php\/wp-json\/wp\/v2\/media\/1782"}],"wp:attachment":[{"href":"https:\/\/itapicurufm.com.br\/index.php\/wp-json\/wp\/v2\/media?parent=1781"}],"wp:term":[{"taxonomy":"category","embeddable":true,"href":"https:\/\/itapicurufm.com.br\/index.php\/wp-json\/wp\/v2\/categories?post=1781"},{"taxonomy":"post_tag","embeddable":true,"href":"https:\/\/itapicurufm.com.br\/index.php\/wp-json\/wp\/v2\/tags?post=1781"}],"curies":[{"name":"wp","href":"https:\/\/api.w.org\/{rel}","templated":true}]}}