{"id":1778,"date":"2020-07-03T06:28:45","date_gmt":"2020-07-03T09:28:45","guid":{"rendered":"http:\/\/itapicurufm.com.br\/?p=1778"},"modified":"2020-07-03T06:28:46","modified_gmt":"2020-07-03T09:28:46","slug":"mae-e-padrasto-sao-presos-apos-crianca-de-nove-anos-denunciar-abuso-nao-sinta-nojo-de-mim","status":"publish","type":"post","link":"https:\/\/itapicurufm.com.br\/index.php\/2020\/07\/03\/mae-e-padrasto-sao-presos-apos-crianca-de-nove-anos-denunciar-abuso-nao-sinta-nojo-de-mim\/","title":{"rendered":"M\u00e3e e padrasto s\u00e3o presos ap\u00f3s crian\u00e7a de nove anos denunciar abuso: \u2018n\u00e3o sinta nojo de mim\u2019"},"content":{"rendered":"\n<p>Um casal surdo foi preso suspeito de abusar de uma menina de apenas nove anos na cidade de Contagem, em Minas Gerais. A mulher \u00e9 m\u00e3e da crian\u00e7a e o homem \u00e9 padrasto. O caso, divulgado pela pol\u00edcia nesta quinta-feira (2), ocorria h\u00e1 quatro anos.<\/p>\n\n\n\n<p>A menina pediu socorro atrav\u00e9s de um \u00e1udio de WhatsApp enviado a uma tia paterna. Na grava\u00e7\u00e3o, ela implora para que n\u00e3o sintam nojo dela por causa dos abusos.&nbsp;<\/p>\n\n\n\n<p>A pol\u00edcia come\u00e7ou a investiga\u00e7\u00e3o no dia 19 de junho, um dia ap\u00f3s o \u00e1udio ser enviado pela garota. Apesar de viver com o pai, a crian\u00e7a sempre passava dias com a m\u00e3e. Na casa, vivia tamb\u00e9m uma menina de dois anos, irm\u00e3 da v\u00edtima por parte materna. Com medo de a ca\u00e7ula ser abusada, ela resolveu denunciar.<\/p>\n\n\n\n<p>&#8220;Inicialmente, familiares da v\u00edtima nos procuraram na delegacia de Contagem contando que ela era abusada desde os 5 anos e tinha contado que era por parte da m\u00e3e e do padrasto. No \u00e1udio para a tia, a menina pedia para que acreditassem nela e que n\u00e3o a achassem nojenta. E a maior preocupa\u00e7\u00e3o dela era com a irm\u00e3, o que poderia acontecer j\u00e1 que a v\u00edtima n\u00e3o mora com a m\u00e3e&#8221;, contou a delegada Mellina Clemente.<\/p>\n\n\n\n<p>O casal est\u00e1 junto h\u00e1 seis anos. A fam\u00edlia mora em um im\u00f3vel de um quarto e todos dormiam pr\u00f3ximos. A m\u00e3e negou o abuso no momento da pris\u00e3o e tentou culpar parentes do pai da menina. No entanto, o padrasto confessou.<\/p>\n\n\n\n<p>&#8220;A m\u00e3e praticava diretamente os abusos, masturbava a crian\u00e7a e incentivava o companheiro a praticar os atos. Eles tamb\u00e9m mantinham rela\u00e7\u00f5es sexuais com a crian\u00e7a. Foi uma das oitivas mais dif\u00edceis de se fazer at\u00e9 mesmo pelo que o padrasto relatava. O int\u00e9rprete tem muita experi\u00eancia em libras, a gente fazia a pergunta para ele, ele reportava para os investigados e depois nos dava a resposta&#8221;, explicou a policial.<\/p>\n\n\n\n<p>A crian\u00e7a receber\u00e1 acompanhamento psicol\u00f3gico. J\u00e1 o casal foi levado \u00e0 pris\u00e3o e responder\u00e1 pelos crimes de estupro de vulner\u00e1vel e satisfa\u00e7\u00e3o de lasc\u00edvia mediante presen\u00e7a de crian\u00e7a ou adolescente (quando a rela\u00e7\u00e3o sexual \u00e9 praticada na frente de menores de idade), segundo o portal O Tempo. H\u00e1 ainda o agravante pelo fato de os acusados serem m\u00e3e e padrasto da menina.&nbsp;<\/p>\n","protected":false},"excerpt":{"rendered":"<p>Um casal surdo foi preso suspeito de abusar de uma menina de apenas nove anos na cidade de Contagem, em<\/p>\n","protected":false},"author":4,"featured_media":1779,"comment_status":"open","ping_status":"closed","sticky":false,"template":"","format":"standard","meta":{"colormag_page_container_layout":"default_layout","colormag_page_sidebar_layout":"default_layout","footnotes":""},"categories":[8],"tags":[],"class_list":["post-1778","post","type-post","status-publish","format-standard","has-post-thumbnail","hentry","category-brasil"],"_links":{"self":[{"href":"https:\/\/itapicurufm.com.br\/index.php\/wp-json\/wp\/v2\/posts\/1778","targetHints":{"allow":["GET"]}}],"collection":[{"href":"https:\/\/itapicurufm.com.br\/index.php\/wp-json\/wp\/v2\/posts"}],"about":[{"href":"https:\/\/itapicurufm.com.br\/index.php\/wp-json\/wp\/v2\/types\/post"}],"author":[{"embeddable":true,"href":"https:\/\/itapicurufm.com.br\/index.php\/wp-json\/wp\/v2\/users\/4"}],"replies":[{"embeddable":true,"href":"https:\/\/itapicurufm.com.br\/index.php\/wp-json\/wp\/v2\/comments?post=1778"}],"version-history":[{"count":1,"href":"https:\/\/itapicurufm.com.br\/index.php\/wp-json\/wp\/v2\/posts\/1778\/revisions"}],"predecessor-version":[{"id":1780,"href":"https:\/\/itapicurufm.com.br\/index.php\/wp-json\/wp\/v2\/posts\/1778\/revisions\/1780"}],"wp:featuredmedia":[{"embeddable":true,"href":"https:\/\/itapicurufm.com.br\/index.php\/wp-json\/wp\/v2\/media\/1779"}],"wp:attachment":[{"href":"https:\/\/itapicurufm.com.br\/index.php\/wp-json\/wp\/v2\/media?parent=1778"}],"wp:term":[{"taxonomy":"category","embeddable":true,"href":"https:\/\/itapicurufm.com.br\/index.php\/wp-json\/wp\/v2\/categories?post=1778"},{"taxonomy":"post_tag","embeddable":true,"href":"https:\/\/itapicurufm.com.br\/index.php\/wp-json\/wp\/v2\/tags?post=1778"}],"curies":[{"name":"wp","href":"https:\/\/api.w.org\/{rel}","templated":true}]}}