{"id":16748,"date":"2026-01-05T15:40:06","date_gmt":"2026-01-05T18:40:06","guid":{"rendered":"https:\/\/itapicurufm.com.br\/?p=16748"},"modified":"2026-01-05T19:04:34","modified_gmt":"2026-01-05T22:04:34","slug":"5-habitos-para-cuidar-da-saude-mental-e-melhorar-a-qualidade-de-vida-voce-tem-cuidado-da-sua-saude-mental-o-janeiro-branco-busca-prevenir-o-adoecimento-emocional-confira-5-dicas-para-melhorar-o-seu","status":"publish","type":"post","link":"https:\/\/itapicurufm.com.br\/index.php\/2026\/01\/05\/5-habitos-para-cuidar-da-saude-mental-e-melhorar-a-qualidade-de-vida-voce-tem-cuidado-da-sua-saude-mental-o-janeiro-branco-busca-prevenir-o-adoecimento-emocional-confira-5-dicas-para-melhorar-o-seu\/","title":{"rendered":"5 h\u00e1bitos para cuidar da sa\u00fade mental e melhorar a qualidade de vida Voc\u00ea tem cuidado da sua sa\u00fade mental? O Janeiro Branco busca prevenir o adoecimento emocional. Confira 5 dicas para melhorar o seu bem-estar."},"content":{"rendered":"<p><span data-contrast=\"auto\">A campanha busca estimular a preven\u00e7\u00e3o do adoecimento emocional n\u00e3o somente no m\u00eas de janeiro, mas durante o ano todo. Para contribuir com a data, o PUCRS Carreiras elencou 5 dicas para cuidar da sa\u00fade mental e melhorar a qualidade de vida.<\/span><\/p>\n<h3 class=\"wp-block-heading\"><b><span data-contrast=\"auto\">1) Busque se desconectar\u00a0<\/span><\/b><span data-ccp-props=\"{&quot;201341983&quot;:0,&quot;335559739&quot;:160,&quot;335559740&quot;:259}\">\u00a0<\/span><\/h3>\n<p><span data-contrast=\"auto\">A pandemia potencializou o contato das pessoas com as telas e hoje parte da popula\u00e7\u00e3o j\u00e1 se v\u00ea saturada de intera\u00e7\u00f5es online. Assim como o corpo, nossa mente tamb\u00e9m cansa. Procure se desconectar desses aparelhos em alguns momentos do dia e use esse espa\u00e7o para ler um livro, meditar, praticar um exerc\u00edcio f\u00edsico, fazer uma caminhada ao ar livre ou alguma atividade que d\u00ea prazer.<\/span><b><\/b><\/p>\n<p><strong><mark class=\"has-inline-color has-vivid-cyan-blue-color\">\u201cEsse \u00e9 um \u00f3timo momento para se conectar com a natureza. Ter um momento livre e um tempo para se desligar dos problemas e respirar \u00e9 necess\u00e1rio\u201d.<\/mark><\/strong><\/p>\n<h3 class=\"wp-block-heading\"><b><span data-contrast=\"auto\">2) Cultive bons relacionamentos<\/span><\/b><span data-contrast=\"auto\">\u00a0<\/span><span data-ccp-props=\"{&quot;201341983&quot;:0,&quot;335559739&quot;:160,&quot;335559740&quot;:259}\">\u00a0<\/span><\/h3>\n<p><span data-contrast=\"auto\">Tenha momentos do dia voltado para quem voc\u00ea gosta. Procure conversar com pessoas que fazem voc\u00ea se sentir bem. Mantenha v\u00ednculos saud\u00e1veis, pois o apoio familiar e dos amigos \u00e9 fundamental para o bem-estar.<\/span><span data-ccp-props=\"{&quot;201341983&quot;:0,&quot;335559739&quot;:160,&quot;335559740&quot;:259}\">\u00a0<\/span><\/p>\n<h3 class=\"wp-block-heading\"><b><span data-contrast=\"auto\">3) Tenha momentos de lazer<\/span><\/b><span data-contrast=\"auto\">\u00a0<\/span><span data-ccp-props=\"{&quot;201341983&quot;:0,&quot;335559739&quot;:160,&quot;335559740&quot;:259}\">\u00a0<\/span><\/h3>\n<p><span data-contrast=\"auto\">Busque fazer atividades que te tragam prazer, momentos de descontra\u00e7\u00e3o e satisfa\u00e7\u00e3o pessoal. Isso vai proporcionar al\u00edvio e leveza para as tens\u00f5es do dia a dia, al\u00e9m de ajudar a experimentar sentimentos positivos e melhorar a qualidade de vida.<\/span><span data-ccp-props=\"{&quot;201341983&quot;:0,&quot;335559739&quot;:160,&quot;335559740&quot;:259}\">\u00a0<\/span><\/p>\n<h3 class=\"wp-block-heading\"><b><span data-contrast=\"auto\">4) Durma bem\u00a0<\/span><\/b><span data-ccp-props=\"{&quot;201341983&quot;:0,&quot;335559739&quot;:160,&quot;335559740&quot;:259}\">\u00a0<\/span><\/h3>\n<p><span data-contrast=\"auto\">Uma boa noite de sono \u00e9 essencial para a nossa sa\u00fade e bem-estar, j\u00e1 que o sono tem diversas fun\u00e7\u00f5es importantes para o nosso organismo. Pratique a higiene do sono, como ter um hor\u00e1rio para dormir e acordar e evitar o uso de telas pelo menos 30 minutos antes de dormir, para melhorar a qualidade do seu descanso \u00e0 noite.\u00a0<\/span><\/p>\n<h3 class=\"wp-block-heading\"><b><span data-contrast=\"auto\">5) Conte com a ajuda profissional\u00a0<\/span><\/b><span data-ccp-props=\"{&quot;201341983&quot;:0,&quot;335559739&quot;:160,&quot;335559740&quot;:259}\">\u00a0<\/span><\/h3>\n<p><span data-contrast=\"auto\">Algumas pessoas ainda pensam que s\u00f3 precisam buscar um acompanhamento psicol\u00f3gico quando j\u00e1 est\u00e3o com algum n\u00edvel de sofrimento, mas n\u00e3o \u00e9 bem assim. Tamb\u00e9m \u00e9 poss\u00edvel prevenir o adoecimento mental com o processo de psicoterapia. \u00c9 fundamental procurar ajuda profissional ao perceber sofrimento ou dificuldades em lidar com as emo\u00e7\u00f5es. Um atendimento psicol\u00f3gico pode ajudar a manter ou reequilibrar sua sa\u00fade mental.\u00a0<\/span><\/p>\n<p><strong><mark class=\"has-inline-color has-vivid-cyan-blue-color\">\u201cSempre que poss\u00edvel, tamb\u00e9m procure exercer a empatia e compaix\u00e3o, oferecendo suporte e orienta\u00e7\u00f5es a quem possa estar precisando praticar mais esses cuidados. Sa\u00fade mental envolve o cuidado cont\u00ednuo do nosso bem-estar e felicidade\u201d.<\/mark><\/strong><\/p>\n","protected":false},"excerpt":{"rendered":"<p>A campanha busca estimular a preven\u00e7\u00e3o do adoecimento emocional n\u00e3o somente no m\u00eas de janeiro, mas durante o ano todo.<\/p>\n","protected":false},"author":5,"featured_media":16749,"comment_status":"open","ping_status":"closed","sticky":false,"template":"","format":"standard","meta":{"colormag_page_container_layout":"default_layout","colormag_page_sidebar_layout":"default_layout","footnotes":""},"categories":[60],"tags":[],"class_list":["post-16748","post","type-post","status-publish","format-standard","has-post-thumbnail","hentry","category-mundo"],"_links":{"self":[{"href":"https:\/\/itapicurufm.com.br\/index.php\/wp-json\/wp\/v2\/posts\/16748","targetHints":{"allow":["GET"]}}],"collection":[{"href":"https:\/\/itapicurufm.com.br\/index.php\/wp-json\/wp\/v2\/posts"}],"about":[{"href":"https:\/\/itapicurufm.com.br\/index.php\/wp-json\/wp\/v2\/types\/post"}],"author":[{"embeddable":true,"href":"https:\/\/itapicurufm.com.br\/index.php\/wp-json\/wp\/v2\/users\/5"}],"replies":[{"embeddable":true,"href":"https:\/\/itapicurufm.com.br\/index.php\/wp-json\/wp\/v2\/comments?post=16748"}],"version-history":[{"count":1,"href":"https:\/\/itapicurufm.com.br\/index.php\/wp-json\/wp\/v2\/posts\/16748\/revisions"}],"predecessor-version":[{"id":16750,"href":"https:\/\/itapicurufm.com.br\/index.php\/wp-json\/wp\/v2\/posts\/16748\/revisions\/16750"}],"wp:featuredmedia":[{"embeddable":true,"href":"https:\/\/itapicurufm.com.br\/index.php\/wp-json\/wp\/v2\/media\/16749"}],"wp:attachment":[{"href":"https:\/\/itapicurufm.com.br\/index.php\/wp-json\/wp\/v2\/media?parent=16748"}],"wp:term":[{"taxonomy":"category","embeddable":true,"href":"https:\/\/itapicurufm.com.br\/index.php\/wp-json\/wp\/v2\/categories?post=16748"},{"taxonomy":"post_tag","embeddable":true,"href":"https:\/\/itapicurufm.com.br\/index.php\/wp-json\/wp\/v2\/tags?post=16748"}],"curies":[{"name":"wp","href":"https:\/\/api.w.org\/{rel}","templated":true}]}}