{"id":16740,"date":"2026-01-03T17:33:39","date_gmt":"2026-01-03T20:33:39","guid":{"rendered":"https:\/\/itapicurufm.com.br\/?p=16740"},"modified":"2026-01-03T17:34:03","modified_gmt":"2026-01-03T20:34:03","slug":"nubia-de-oliveira-e-recepcionada-em-jaguarari-apos-subir-ao-podio-da-corrida-sao-silvestre-mais-uma-vez","status":"publish","type":"post","link":"https:\/\/itapicurufm.com.br\/index.php\/2026\/01\/03\/nubia-de-oliveira-e-recepcionada-em-jaguarari-apos-subir-ao-podio-da-corrida-sao-silvestre-mais-uma-vez\/","title":{"rendered":"N\u00fabia de Oliveira \u00e9 recepcionada em Jaguarari ap\u00f3s subir ao p\u00f3dio da Corrida S\u00e3o Silvestre mais uma vez"},"content":{"rendered":"<p>Neste s\u00e1bado (03\/01), a atleta N\u00fabia de Oliveira, pertencente \u00e0 Escolinha de Atletismo do povoado Flamengo (EAF), na zona rural de Jaguarari, foi recebida com grande alegria pela popula\u00e7\u00e3o, em reconhecimento ao seu desempenho na 100\u00aa edi\u00e7\u00e3o da tradicional Corrida de S\u00e3o Silvestre, realizada em S\u00e3o Paulo no dia 31 de dezembro de 2025.<\/p>\n<p>Com apenas 23 anos, N\u00fabia fez hist\u00f3ria mais uma vez ao ser a brasileira com o melhor tempo na prova, completando os 15 km em 52 minutos e 42 segundos. Sua performance a colocou entre os destaques da competi\u00e7\u00e3o, repetindo o feito de 2024, quando conquistou a terceira coloca\u00e7\u00e3o.<\/p>\n<p>A recep\u00e7\u00e3o em Jaguarari teve in\u00edcio \u00e0s 09h, na entrada da cidade, onde N\u00fabia foi homenageada por familiares, amigos e pelo professor e treinador Ferreirinha. Uma caminhada festiva pelo centro da cidade seguiu at\u00e9 a Pra\u00e7a Lauro de Freitas (Feira Livre), onde a atleta foi aplaudida e parou para tirar fotos com os populares emocionados que a saudavam durante o trajeto.<\/p>\n<p>O evento foi organizado pela Secretaria de Cultura, Esporte, Lazer e Juventude de Jaguarari, com o apoio da Pol\u00edcia Militar, que atuou como batedor, garantindo a seguran\u00e7a e a organiza\u00e7\u00e3o do desfile em homenagem \u00e0 jovem talentosa, que continua a trazer orgulho para a regi\u00e3o principalmente Jaguarari e Campo Formoso representando a for\u00e7a do esporte baiano em n\u00edvel nacional.<\/p>\n<p><b><i>Fonte e fotos: Portal Jaguarari<\/i><\/b><\/p>\n","protected":false},"excerpt":{"rendered":"<p>Neste s\u00e1bado (03\/01), a atleta N\u00fabia de Oliveira, pertencente \u00e0 Escolinha de Atletismo do povoado Flamengo (EAF), na zona rural<\/p>\n","protected":false},"author":5,"featured_media":16741,"comment_status":"open","ping_status":"closed","sticky":false,"template":"","format":"standard","meta":{"colormag_page_container_layout":"default_layout","colormag_page_sidebar_layout":"default_layout","footnotes":""},"categories":[5],"tags":[],"class_list":["post-16740","post","type-post","status-publish","format-standard","has-post-thumbnail","hentry","category-esportes"],"_links":{"self":[{"href":"https:\/\/itapicurufm.com.br\/index.php\/wp-json\/wp\/v2\/posts\/16740","targetHints":{"allow":["GET"]}}],"collection":[{"href":"https:\/\/itapicurufm.com.br\/index.php\/wp-json\/wp\/v2\/posts"}],"about":[{"href":"https:\/\/itapicurufm.com.br\/index.php\/wp-json\/wp\/v2\/types\/post"}],"author":[{"embeddable":true,"href":"https:\/\/itapicurufm.com.br\/index.php\/wp-json\/wp\/v2\/users\/5"}],"replies":[{"embeddable":true,"href":"https:\/\/itapicurufm.com.br\/index.php\/wp-json\/wp\/v2\/comments?post=16740"}],"version-history":[{"count":2,"href":"https:\/\/itapicurufm.com.br\/index.php\/wp-json\/wp\/v2\/posts\/16740\/revisions"}],"predecessor-version":[{"id":16743,"href":"https:\/\/itapicurufm.com.br\/index.php\/wp-json\/wp\/v2\/posts\/16740\/revisions\/16743"}],"wp:featuredmedia":[{"embeddable":true,"href":"https:\/\/itapicurufm.com.br\/index.php\/wp-json\/wp\/v2\/media\/16741"}],"wp:attachment":[{"href":"https:\/\/itapicurufm.com.br\/index.php\/wp-json\/wp\/v2\/media?parent=16740"}],"wp:term":[{"taxonomy":"category","embeddable":true,"href":"https:\/\/itapicurufm.com.br\/index.php\/wp-json\/wp\/v2\/categories?post=16740"},{"taxonomy":"post_tag","embeddable":true,"href":"https:\/\/itapicurufm.com.br\/index.php\/wp-json\/wp\/v2\/tags?post=16740"}],"curies":[{"name":"wp","href":"https:\/\/api.w.org\/{rel}","templated":true}]}}