{"id":16708,"date":"2026-01-02T21:56:40","date_gmt":"2026-01-03T00:56:40","guid":{"rendered":"https:\/\/itapicurufm.com.br\/?p=16708"},"modified":"2026-01-02T21:56:46","modified_gmt":"2026-01-03T00:56:46","slug":"vitoria-encaminha-contratacao-do-zagueiro-riccieli-do-famalicao","status":"publish","type":"post","link":"https:\/\/itapicurufm.com.br\/index.php\/2026\/01\/02\/vitoria-encaminha-contratacao-do-zagueiro-riccieli-do-famalicao\/","title":{"rendered":"Vit\u00f3ria encaminha contrata\u00e7\u00e3o do zagueiro Riccieli, do Famalic\u00e3o"},"content":{"rendered":"<p>O\u00a0Vit\u00f3ria\u00a0encaminhou a contrata\u00e7\u00e3o por empr\u00e9stimo de um ano do defensor Riccieli, que jogou no Qingdao West Coast, da China, na \u00faltima temporada. O zagueiro de 27 anos pertence ao Famalic\u00e3o, de Portugal, e chega a Salvador neste s\u00e1bado.<\/p>\n<div id=\"chunk-7o447\">\n<div class=\"mc-column content-text active-extra-styles \" data-block-type=\"unstyled\" data-block-weight=\"26\" data-block-id=\"7\">\n<p class=\" content-text__container \" data-track-category=\"Link no Texto\" data-track-links=\"\" data-mrf-recirculation=\"Artigo - Link no Texto\"><span class=\"highlight highlighted\">Faltam pequenos detalhes para a conclus\u00e3o do acordo que prev\u00ea op\u00e7\u00e3o de compra<\/span>. A informa\u00e7\u00e3o da proposta rubro-negra foi divulgada inicialmente por Felipe Silva, da ESPN.<\/p>\n<\/div>\n<\/div>\n<div id=\"chunk-dfdas\">\n<div class=\"mc-column content-text active-extra-styles \" data-block-type=\"unstyled\" data-block-weight=\"25\" data-block-id=\"8\">\n<p class=\" content-text__container \" data-track-category=\"Link no Texto\" data-track-links=\"\" data-mrf-recirculation=\"Artigo - Link no Texto\">Riccieli tem a perna direita como dominante, foi capit\u00e3o do time chin\u00eas em 2025 e, antes disso, defendeu o Famalic\u00e3o entre 2019 e 2024.<\/p>\n<\/div>\n<\/div>\n<div id=\"chunk-aq08a\">\n<div class=\"mc-column content-text active-extra-styles \" data-block-type=\"unstyled\" data-block-weight=\"32\" data-block-id=\"9\">\n<p class=\" content-text__container \" data-track-category=\"Link no Texto\" data-track-links=\"\" data-mrf-recirculation=\"Artigo - Link no Texto\">O zagueiro chegou a estar acertado com o Santos em 2024, mas o acordo melou de \u00faltima hora. Revelado pelo Resende, Riccieli Eduardo da Silva J\u00fanior tamb\u00e9m tem passagem pelo Mirassol.<\/p>\n<\/div>\n<\/div>\n","protected":false},"excerpt":{"rendered":"<p>O\u00a0Vit\u00f3ria\u00a0encaminhou a contrata\u00e7\u00e3o por empr\u00e9stimo de um ano do defensor Riccieli, que jogou no Qingdao West Coast, da China, na<\/p>\n","protected":false},"author":5,"featured_media":16709,"comment_status":"open","ping_status":"closed","sticky":false,"template":"","format":"standard","meta":{"colormag_page_container_layout":"default_layout","colormag_page_sidebar_layout":"default_layout","footnotes":""},"categories":[5],"tags":[],"class_list":["post-16708","post","type-post","status-publish","format-standard","has-post-thumbnail","hentry","category-esportes"],"_links":{"self":[{"href":"https:\/\/itapicurufm.com.br\/index.php\/wp-json\/wp\/v2\/posts\/16708","targetHints":{"allow":["GET"]}}],"collection":[{"href":"https:\/\/itapicurufm.com.br\/index.php\/wp-json\/wp\/v2\/posts"}],"about":[{"href":"https:\/\/itapicurufm.com.br\/index.php\/wp-json\/wp\/v2\/types\/post"}],"author":[{"embeddable":true,"href":"https:\/\/itapicurufm.com.br\/index.php\/wp-json\/wp\/v2\/users\/5"}],"replies":[{"embeddable":true,"href":"https:\/\/itapicurufm.com.br\/index.php\/wp-json\/wp\/v2\/comments?post=16708"}],"version-history":[{"count":1,"href":"https:\/\/itapicurufm.com.br\/index.php\/wp-json\/wp\/v2\/posts\/16708\/revisions"}],"predecessor-version":[{"id":16710,"href":"https:\/\/itapicurufm.com.br\/index.php\/wp-json\/wp\/v2\/posts\/16708\/revisions\/16710"}],"wp:featuredmedia":[{"embeddable":true,"href":"https:\/\/itapicurufm.com.br\/index.php\/wp-json\/wp\/v2\/media\/16709"}],"wp:attachment":[{"href":"https:\/\/itapicurufm.com.br\/index.php\/wp-json\/wp\/v2\/media?parent=16708"}],"wp:term":[{"taxonomy":"category","embeddable":true,"href":"https:\/\/itapicurufm.com.br\/index.php\/wp-json\/wp\/v2\/categories?post=16708"},{"taxonomy":"post_tag","embeddable":true,"href":"https:\/\/itapicurufm.com.br\/index.php\/wp-json\/wp\/v2\/tags?post=16708"}],"curies":[{"name":"wp","href":"https:\/\/api.w.org\/{rel}","templated":true}]}}