{"id":16705,"date":"2026-01-02T21:51:38","date_gmt":"2026-01-03T00:51:38","guid":{"rendered":"https:\/\/itapicurufm.com.br\/?p=16705"},"modified":"2026-01-02T22:09:45","modified_gmt":"2026-01-03T01:09:45","slug":"gas-de-cozinha-tem-reajuste-de-238-na-bahia-preco-do-botijao-deve-ficar-ate-r-5-mais-caro","status":"publish","type":"post","link":"https:\/\/itapicurufm.com.br\/index.php\/2026\/01\/02\/gas-de-cozinha-tem-reajuste-de-238-na-bahia-preco-do-botijao-deve-ficar-ate-r-5-mais-caro\/","title":{"rendered":"G\u00e1s de cozinha tem reajuste de 2,38% na Bahia; pre\u00e7o do botij\u00e3o deve ficar at\u00e9 R$ 5 mais caro"},"content":{"rendered":"<div id=\"chunk-9nuqg\">\n<div class=\"mc-column content-text active-extra-styles \" data-block-type=\"unstyled\" data-block-weight=\"34\" data-block-id=\"3\">\n<p class=\" content-text__container \" data-track-category=\"Link no Texto\" data-track-links=\"\" data-mrf-recirculation=\"Mat\u00e9ria - Links no Texto\">O valor do\u00a0<strong>g\u00e1s de cozinha teve um reajuste de 2,38%<\/strong>, nesta sexta-feira (2), e pode ficar at\u00e9 R$ 5 mais caro na Bahia, segundo o Sindicato das Revendedoras de G\u00e1s de Cozinha (SindRevG\u00e1s).<\/p>\n<\/div>\n<\/div>\n<div class=\"wall protected-content\">\n<div id=\"chunk-fbknl\">\n<div class=\"mc-column content-text active-extra-styles \" data-block-type=\"unstyled\" data-block-weight=\"34\" data-block-id=\"5\">\n<p class=\" content-text__container \" data-track-category=\"Link no Texto\" data-track-links=\"\" data-mrf-recirculation=\"Mat\u00e9ria - Links no Texto\">&#8220;A partir de hoje, o consumidor j\u00e1 encontra o g\u00e1s mais caro, na ordem de R$ 5 a mais dos pre\u00e7os que eram praticados no m\u00eas anterior&#8221;, disse o diretor do SindRevG\u00e1s Rob\u00e9rio Souza.<\/p>\n<div id=\"chunk-i1mt\">\n<div class=\"mc-column content-text active-extra-styles \" data-block-type=\"unstyled\" data-block-weight=\"35\" data-block-id=\"6\">\n<p class=\" content-text__container \" data-track-category=\"Link no Texto\" data-track-links=\"\" data-mrf-recirculation=\"Mat\u00e9ria - Links no Texto\">Ainda segundo o sindicato, o percentual do reajuste no estado leva em considera\u00e7\u00e3o tr\u00eas fatores:\u00a0o aumento do ICMS (R$ 1,05); o aumento da Acelen (R$ 1,40); o aumento dos custos da for\u00e7a trabalhadora (sal\u00e1rios).<\/p>\n<\/div>\n<\/div>\n<div id=\"chunk-apndu\">\n<div class=\"content-ads content-ads--reveal\" data-block-type=\"ads\" data-block-id=\"7\">\n<div id=\"banner_materia2\" class=\"tag-manager-publicidade-container tag-manager-publicidade-banner_materia2 tag-manager-publicidade-container--carregado tag-manager-publicidade-container--visivel\" data-google-query-id=\"CO3QmpST7pEDFQVuuAQdrC4F_A\"><\/div>\n<\/div>\n<\/div>\n<\/div>\n<\/div>\n<\/div>\n","protected":false},"excerpt":{"rendered":"<p>O valor do\u00a0g\u00e1s de cozinha teve um reajuste de 2,38%, nesta sexta-feira (2), e pode ficar at\u00e9 R$ 5 mais<\/p>\n","protected":false},"author":5,"featured_media":16706,"comment_status":"open","ping_status":"closed","sticky":false,"template":"","format":"standard","meta":{"colormag_page_container_layout":"default_layout","colormag_page_sidebar_layout":"default_layout","footnotes":""},"categories":[66],"tags":[],"class_list":["post-16705","post","type-post","status-publish","format-standard","has-post-thumbnail","hentry","category-economia"],"_links":{"self":[{"href":"https:\/\/itapicurufm.com.br\/index.php\/wp-json\/wp\/v2\/posts\/16705","targetHints":{"allow":["GET"]}}],"collection":[{"href":"https:\/\/itapicurufm.com.br\/index.php\/wp-json\/wp\/v2\/posts"}],"about":[{"href":"https:\/\/itapicurufm.com.br\/index.php\/wp-json\/wp\/v2\/types\/post"}],"author":[{"embeddable":true,"href":"https:\/\/itapicurufm.com.br\/index.php\/wp-json\/wp\/v2\/users\/5"}],"replies":[{"embeddable":true,"href":"https:\/\/itapicurufm.com.br\/index.php\/wp-json\/wp\/v2\/comments?post=16705"}],"version-history":[{"count":1,"href":"https:\/\/itapicurufm.com.br\/index.php\/wp-json\/wp\/v2\/posts\/16705\/revisions"}],"predecessor-version":[{"id":16707,"href":"https:\/\/itapicurufm.com.br\/index.php\/wp-json\/wp\/v2\/posts\/16705\/revisions\/16707"}],"wp:featuredmedia":[{"embeddable":true,"href":"https:\/\/itapicurufm.com.br\/index.php\/wp-json\/wp\/v2\/media\/16706"}],"wp:attachment":[{"href":"https:\/\/itapicurufm.com.br\/index.php\/wp-json\/wp\/v2\/media?parent=16705"}],"wp:term":[{"taxonomy":"category","embeddable":true,"href":"https:\/\/itapicurufm.com.br\/index.php\/wp-json\/wp\/v2\/categories?post=16705"},{"taxonomy":"post_tag","embeddable":true,"href":"https:\/\/itapicurufm.com.br\/index.php\/wp-json\/wp\/v2\/tags?post=16705"}],"curies":[{"name":"wp","href":"https:\/\/api.w.org\/{rel}","templated":true}]}}