{"id":16663,"date":"2025-12-29T15:49:20","date_gmt":"2025-12-29T18:49:20","guid":{"rendered":"https:\/\/itapicurufm.com.br\/?p=16663"},"modified":"2025-12-29T15:49:21","modified_gmt":"2025-12-29T18:49:21","slug":"bandeira-verde-reduz-custo-da-energia-no-inicio-de-2026","status":"publish","type":"post","link":"https:\/\/itapicurufm.com.br\/index.php\/2025\/12\/29\/bandeira-verde-reduz-custo-da-energia-no-inicio-de-2026\/","title":{"rendered":"Bandeira verde reduz custo da energia no in\u00edcio de 2026"},"content":{"rendered":"\n<p>Especialistas orientam sobre economia de energia<\/p>\n\n\n\n<p>2026 vai come\u00e7ar com a&nbsp;energia&nbsp;mais barata, j\u00e1 que teremos bandeira verde, segundo a Aneel, mas outras a\u00e7\u00f5es podem ajudar a economizar ainda mais.<img decoding=\"async\" src=\"https:\/\/agenciabrasil.ebc.com.br\/ebc.png?id=1673610&amp;o=node\"><img decoding=\"async\" src=\"https:\/\/agenciabrasil.ebc.com.br\/ebc.gif?id=1673610&amp;o=node\"><\/p>\n\n\n\n<p>Uma \u00e9 o cuidado de desligar os aparelhos quando n\u00e3o s\u00e3o usados, como faz a fam\u00edlia da recepcionista Luciana Dur\u00e3es em casa.<\/p>\n\n\n\n<p>O h\u00e1bito na casa da Luciana \u00e9 a primeira dica do engenheiro eletricista Joao Victor Farias para quem quer reduzir a conta de luz. Ele destaca que os eletrodom\u00e9sticos que mais gastam s\u00e3o chuveiro el\u00e9trico, ar-condicionado e m\u00e1quina de lava e seca.<\/p>\n\n\n\n<p>Vale aten\u00e7\u00e3o tamb\u00e9m para os aparelhos que ficam em stand-by, com aquela luzinha acesa. Eles n\u00e3o est\u00e3o desligados, apenas em modo de repouso. As placas digitais continuam consumindo&nbsp;energia&nbsp;se ficarem na tomada, explica o engenheiro.<\/p>\n\n\n\n<p>Outras dicas s\u00e3o comprar aparelhos eletr\u00f4nicos com selo Procel A, que s\u00e3o mais eficientes, ou que tenham modos de economia de&nbsp;energia&nbsp;embutidos.<\/p>\n\n\n\n<p>O engenheiro ainda explica que o consumidor deve observar os hor\u00e1rios de consumo caso tenha aderido \u00e0 Tarifa Branca para evitar o uso entre as seis horas da noite e as nove da noite, que \u00e9 hor\u00e1rio de pico e mais caro.<\/p>\n\n\n\n<p>*Com produ\u00e7\u00e3o de Daniel Lima<\/p>\n\n\n\n<p>Edi\u00e7\u00e3o:<\/p>\n\n\n\n<p>Ana L\u00facia Caldas \/ Patr\u00edcia Serr\u00e3o<\/p>\n","protected":false},"excerpt":{"rendered":"<p>Especialistas orientam sobre economia de energia 2026 vai come\u00e7ar com a&nbsp;energia&nbsp;mais barata, j\u00e1 que teremos bandeira verde, segundo a Aneel,<\/p>\n","protected":false},"author":5,"featured_media":16664,"comment_status":"open","ping_status":"closed","sticky":false,"template":"","format":"standard","meta":{"colormag_page_container_layout":"default_layout","colormag_page_sidebar_layout":"default_layout","footnotes":""},"categories":[1],"tags":[],"class_list":["post-16663","post","type-post","status-publish","format-standard","has-post-thumbnail","hentry","category-geral"],"_links":{"self":[{"href":"https:\/\/itapicurufm.com.br\/index.php\/wp-json\/wp\/v2\/posts\/16663","targetHints":{"allow":["GET"]}}],"collection":[{"href":"https:\/\/itapicurufm.com.br\/index.php\/wp-json\/wp\/v2\/posts"}],"about":[{"href":"https:\/\/itapicurufm.com.br\/index.php\/wp-json\/wp\/v2\/types\/post"}],"author":[{"embeddable":true,"href":"https:\/\/itapicurufm.com.br\/index.php\/wp-json\/wp\/v2\/users\/5"}],"replies":[{"embeddable":true,"href":"https:\/\/itapicurufm.com.br\/index.php\/wp-json\/wp\/v2\/comments?post=16663"}],"version-history":[{"count":1,"href":"https:\/\/itapicurufm.com.br\/index.php\/wp-json\/wp\/v2\/posts\/16663\/revisions"}],"predecessor-version":[{"id":16665,"href":"https:\/\/itapicurufm.com.br\/index.php\/wp-json\/wp\/v2\/posts\/16663\/revisions\/16665"}],"wp:featuredmedia":[{"embeddable":true,"href":"https:\/\/itapicurufm.com.br\/index.php\/wp-json\/wp\/v2\/media\/16664"}],"wp:attachment":[{"href":"https:\/\/itapicurufm.com.br\/index.php\/wp-json\/wp\/v2\/media?parent=16663"}],"wp:term":[{"taxonomy":"category","embeddable":true,"href":"https:\/\/itapicurufm.com.br\/index.php\/wp-json\/wp\/v2\/categories?post=16663"},{"taxonomy":"post_tag","embeddable":true,"href":"https:\/\/itapicurufm.com.br\/index.php\/wp-json\/wp\/v2\/tags?post=16663"}],"curies":[{"name":"wp","href":"https:\/\/api.w.org\/{rel}","templated":true}]}}