{"id":16655,"date":"2025-12-28T22:46:32","date_gmt":"2025-12-29T01:46:32","guid":{"rendered":"https:\/\/itapicurufm.com.br\/?p=16655"},"modified":"2025-12-28T22:46:34","modified_gmt":"2025-12-29T01:46:34","slug":"regiao-populares-e-gcm-evitam-incendio-em-carro-no-centro-de-senhor-do-bonfim","status":"publish","type":"post","link":"https:\/\/itapicurufm.com.br\/index.php\/2025\/12\/28\/regiao-populares-e-gcm-evitam-incendio-em-carro-no-centro-de-senhor-do-bonfim\/","title":{"rendered":"REGI\u00c3O: Populares e GCM evitam inc\u00eandio em carro no centro de Senhor do Bonfim"},"content":{"rendered":"\n<p>Na manh\u00e3 deste s\u00e1bado, 27 de dezembro, um princ\u00edpio de inc\u00eandio em um ve\u00edculo foi evitado gra\u00e7as \u00e0 r\u00e1pida a\u00e7\u00e3o do propriet\u00e1rio do carro, de agentes da Guarda Civil Municipal (GCM) e de populares, na Pra\u00e7a Austricliano de Carvalho, nas proximidades da Catedral de Senhor do Bonfim.O motorista percebeu que fuma\u00e7a sa\u00eda do ve\u00edculo estacionado e imediatamente correu em busca de ajuda. Agentes da GCM que estavam pr\u00f3ximos ao local, al\u00e9m de populares e mototaxistas, auxiliaram na ocorr\u00eancia.<\/p>\n\n\n\n<p>Segundo informa\u00e7\u00f5es apuradas no local, um curto-circuito na parte el\u00e9trica provocou o aquecimento de um fio, que acabou atingindo o estepe do carro, gerando a fuma\u00e7a. Ao abrir o cap\u00f4, o propriet\u00e1rio conseguiu desligar os cabos da bateria, evitando que o problema se agravasse.Uma guarni\u00e7\u00e3o da Pol\u00edcia Militar tamb\u00e9m esteve no local e informou que, em situa\u00e7\u00f5es desse tipo, o atendimento \u00e9 de responsabilidade do Corpo de Bombeiros.<\/p>\n\n\n\n<p>Gra\u00e7as \u00e0 agilidade do motorista e ao apoio das pessoas que ajudaram, n\u00e3o houve danos maiores ao ve\u00edculo, e ningu\u00e9m ficou ferido.<\/p>\n\n\n\n<p>O fato foi registrado pelo rep\u00f3rter Netto Maravilha, que passava pelo local no momento da ocorr\u00eancia.<\/p>\n\n\n\n<p>Blog do Netto Maravilha<\/p>\n","protected":false},"excerpt":{"rendered":"<p>Na manh\u00e3 deste s\u00e1bado, 27 de dezembro, um princ\u00edpio de inc\u00eandio em um ve\u00edculo foi evitado gra\u00e7as \u00e0 r\u00e1pida a\u00e7\u00e3o<\/p>\n","protected":false},"author":5,"featured_media":16656,"comment_status":"open","ping_status":"closed","sticky":false,"template":"","format":"standard","meta":{"colormag_page_container_layout":"default_layout","colormag_page_sidebar_layout":"default_layout","footnotes":""},"categories":[1],"tags":[],"class_list":["post-16655","post","type-post","status-publish","format-standard","has-post-thumbnail","hentry","category-geral"],"_links":{"self":[{"href":"https:\/\/itapicurufm.com.br\/index.php\/wp-json\/wp\/v2\/posts\/16655","targetHints":{"allow":["GET"]}}],"collection":[{"href":"https:\/\/itapicurufm.com.br\/index.php\/wp-json\/wp\/v2\/posts"}],"about":[{"href":"https:\/\/itapicurufm.com.br\/index.php\/wp-json\/wp\/v2\/types\/post"}],"author":[{"embeddable":true,"href":"https:\/\/itapicurufm.com.br\/index.php\/wp-json\/wp\/v2\/users\/5"}],"replies":[{"embeddable":true,"href":"https:\/\/itapicurufm.com.br\/index.php\/wp-json\/wp\/v2\/comments?post=16655"}],"version-history":[{"count":1,"href":"https:\/\/itapicurufm.com.br\/index.php\/wp-json\/wp\/v2\/posts\/16655\/revisions"}],"predecessor-version":[{"id":16657,"href":"https:\/\/itapicurufm.com.br\/index.php\/wp-json\/wp\/v2\/posts\/16655\/revisions\/16657"}],"wp:featuredmedia":[{"embeddable":true,"href":"https:\/\/itapicurufm.com.br\/index.php\/wp-json\/wp\/v2\/media\/16656"}],"wp:attachment":[{"href":"https:\/\/itapicurufm.com.br\/index.php\/wp-json\/wp\/v2\/media?parent=16655"}],"wp:term":[{"taxonomy":"category","embeddable":true,"href":"https:\/\/itapicurufm.com.br\/index.php\/wp-json\/wp\/v2\/categories?post=16655"},{"taxonomy":"post_tag","embeddable":true,"href":"https:\/\/itapicurufm.com.br\/index.php\/wp-json\/wp\/v2\/tags?post=16655"}],"curies":[{"name":"wp","href":"https:\/\/api.w.org\/{rel}","templated":true}]}}