{"id":16615,"date":"2025-12-18T15:01:32","date_gmt":"2025-12-18T18:01:32","guid":{"rendered":"https:\/\/itapicurufm.com.br\/?p=16615"},"modified":"2025-12-18T15:01:33","modified_gmt":"2025-12-18T18:01:33","slug":"caso-de-gripe-k-e-identificado-no-brasil","status":"publish","type":"post","link":"https:\/\/itapicurufm.com.br\/index.php\/2025\/12\/18\/caso-de-gripe-k-e-identificado-no-brasil\/","title":{"rendered":"Caso de gripe K \u00e9 identificado no Brasil"},"content":{"rendered":"\n<p>Um novo tipo do v\u00edrus influenza A, o H3N2, foi identificado no Brasil. Tamb\u00e9m conhecido como &#8220;Variante K&#8221;. Segundo Renato Kfouri, vice-presidente da Sociedade Brasileira de Imuniza\u00e7\u00f5es, ainda n\u00e3o h\u00e1 raz\u00f5es para preocupa\u00e7\u00e3o.<img decoding=\"async\" src=\"https:\/\/agenciabrasil.ebc.com.br\/ebc.png?id=1672561&amp;o=node\"><img decoding=\"async\" src=\"https:\/\/agenciabrasil.ebc.com.br\/ebc.gif?id=1672561&amp;o=node\"><\/p>\n\n\n\n<p>A detec\u00e7\u00e3o de novas variantes j\u00e1 \u00e9 esperada a cada ano.<\/p>\n\n\n\n<p>Nessa quarta-feira (17), a Fiocruz divulgou mais detalhes sobre a presen\u00e7a da nova variante, coletada em Bel\u00e9m, Par\u00e1, no dia 26 de novembro.&nbsp;<\/p>\n\n\n\n<p>O caso, confirmado na semana passada pelo Minist\u00e9rio da Sa\u00fade, \u00e9 de uma paciente adulta, do sexo feminino, estrangeira, vinda das Ilhas Fiji, no Oceano Pac\u00edfico. Ainda n\u00e3o h\u00e1 evid\u00eancias de transmiss\u00e3o do H3N2 dentro do Brasil.<\/p>\n\n\n\n<p>Na semana passada, a Organiza\u00e7\u00e3o Mundial da Sa\u00fade chamou aten\u00e7\u00e3o para o aumento de circula\u00e7\u00e3o da variante K, na Europa, na Am\u00e9rica do Norte e no Leste Asi\u00e1tico.<\/p>\n\n\n\n<p>A variante K representou quase metade dos casos no continente europeu, entre maio e novembro.<\/p>\n\n\n\n<p>N\u00e3o h\u00e1 registro de mudan\u00e7a significativa na gravidade da doen\u00e7a, em termos de interna\u00e7\u00e3o, cuidados ou mortes.<\/p>\n\n\n\n<p>Segundo a chefe do Laborat\u00f3rio de V\u00edrus do Instituto Oswaldo Cruz, a composi\u00e7\u00e3o da vacina de influenza recomendada pela OMS j\u00e1 foi atualizada.&nbsp;<\/p>\n\n\n\n<p>Mas mesmo se houver dist\u00e2ncia gen\u00e9tica entre o imunizante e o v\u00edrus circulante, a prote\u00e7\u00e3o permanece, especialmente contra formas graves da doen\u00e7a.<\/p>\n\n\n\n<p>Edi\u00e7\u00e3o:<\/p>\n\n\n\n<p>S\u00e2mia Mendes\/ Marizete Cardoso<\/p>\n","protected":false},"excerpt":{"rendered":"<p>Um novo tipo do v\u00edrus influenza A, o H3N2, foi identificado no Brasil. Tamb\u00e9m conhecido como &#8220;Variante K&#8221;. Segundo Renato<\/p>\n","protected":false},"author":5,"featured_media":16616,"comment_status":"open","ping_status":"closed","sticky":false,"template":"","format":"standard","meta":{"colormag_page_container_layout":"default_layout","colormag_page_sidebar_layout":"default_layout","footnotes":""},"categories":[1],"tags":[],"class_list":["post-16615","post","type-post","status-publish","format-standard","has-post-thumbnail","hentry","category-geral"],"_links":{"self":[{"href":"https:\/\/itapicurufm.com.br\/index.php\/wp-json\/wp\/v2\/posts\/16615","targetHints":{"allow":["GET"]}}],"collection":[{"href":"https:\/\/itapicurufm.com.br\/index.php\/wp-json\/wp\/v2\/posts"}],"about":[{"href":"https:\/\/itapicurufm.com.br\/index.php\/wp-json\/wp\/v2\/types\/post"}],"author":[{"embeddable":true,"href":"https:\/\/itapicurufm.com.br\/index.php\/wp-json\/wp\/v2\/users\/5"}],"replies":[{"embeddable":true,"href":"https:\/\/itapicurufm.com.br\/index.php\/wp-json\/wp\/v2\/comments?post=16615"}],"version-history":[{"count":1,"href":"https:\/\/itapicurufm.com.br\/index.php\/wp-json\/wp\/v2\/posts\/16615\/revisions"}],"predecessor-version":[{"id":16617,"href":"https:\/\/itapicurufm.com.br\/index.php\/wp-json\/wp\/v2\/posts\/16615\/revisions\/16617"}],"wp:featuredmedia":[{"embeddable":true,"href":"https:\/\/itapicurufm.com.br\/index.php\/wp-json\/wp\/v2\/media\/16616"}],"wp:attachment":[{"href":"https:\/\/itapicurufm.com.br\/index.php\/wp-json\/wp\/v2\/media?parent=16615"}],"wp:term":[{"taxonomy":"category","embeddable":true,"href":"https:\/\/itapicurufm.com.br\/index.php\/wp-json\/wp\/v2\/categories?post=16615"},{"taxonomy":"post_tag","embeddable":true,"href":"https:\/\/itapicurufm.com.br\/index.php\/wp-json\/wp\/v2\/tags?post=16615"}],"curies":[{"name":"wp","href":"https:\/\/api.w.org\/{rel}","templated":true}]}}