{"id":16509,"date":"2025-08-26T15:33:41","date_gmt":"2025-08-26T18:33:41","guid":{"rendered":"https:\/\/itapicurufm.com.br\/?p=16509"},"modified":"2025-08-26T15:38:40","modified_gmt":"2025-08-26T18:38:40","slug":"safernet-denuncias-de-pornografia-infantil-na-web-aumentaram-114","status":"publish","type":"post","link":"https:\/\/itapicurufm.com.br\/index.php\/2025\/08\/26\/safernet-denuncias-de-pornografia-infantil-na-web-aumentaram-114\/","title":{"rendered":"SaferNet: den\u00fancias de pornografia infantil na web aumentaram 114%"},"content":{"rendered":"\n<p>V\u00eddeo viral de influenciador Felca impulsionou a discuss\u00e3o<\/p>\n\n\n\n<ul class=\"wp-block-list\">\n<li><a href=\"https:\/\/agenciabrasil.ebc.com.br\/radioagencia-nacional\/direitos-humanos\/audio\/2025-08\/safernet-denuncias-de-pornografia-infantil-na-web-aumentaram-114\">https:\/\/agenciabrasil.ebc.com.br\/radioagencia-nacional\/direitos-humanos\/audio\/2025-08\/safernet-denuncias-de-pornografia-infantil-na-web-aumentaram-114<\/a><\/li>\n<\/ul>\n\n\n\n<p>Impulsionada pela repercuss\u00e3o de den\u00fancias feitas pelo youtuber Felipe Bressanim Pereira, o Felca, a discuss\u00e3o sobre a necessidade de uma lei que crie regras de prote\u00e7\u00e3o para crian\u00e7as e adolescentes em ambientes digitais voltou \u00e0 tona.<img decoding=\"async\" src=\"https:\/\/agenciabrasil.ebc.com.br\/ebc.png?id=1654992&amp;o=node\"><img decoding=\"async\" src=\"https:\/\/agenciabrasil.ebc.com.br\/ebc.gif?id=1654992&amp;o=node\"><\/p>\n\n\n\n<p>Com isso, o n\u00famero de den\u00fancias de abuso sexual infantil online recebidas pela SaferNet, ONG que atua na promo\u00e7\u00e3o e defesa dos direitos humanos na internet, tamb\u00e9m aumentou 114% desde que o influenciador mostrou como criadores de conte\u00fado ganham dinheiro com material de teor sexual envolvendo menores de idade. O v\u00eddeo de Felca j\u00e1 tem mais de 46 milh\u00f5es de visualiza\u00e7\u00f5es.<\/p>\n\n\n\n<p>Para a psic\u00f3loga Bianca Orrico, da SaferNet, a discuss\u00e3o \u00e9 necess\u00e1ria e urgente.<\/p>\n\n\n\n<blockquote class=\"wp-block-quote is-layout-flow wp-block-quote-is-layout-flow\">\n<p>\u201cO tema do abuso e explora\u00e7\u00e3o sexual infantil online, no geral, \u00e9 um debate t\u00e3o grande na sociedade h\u00e1 algum tempo. E a repercuss\u00e3o do v\u00eddeo estimulou pessoas a denunciarem na Central Nacional de Den\u00fancias de Crimes Cibern\u00e9ticos. Ent\u00e3o, \u00e9 um movimento importante ver influenciadores tratando de um tema t\u00e3o sens\u00edvel com tanta responsabilidade e comprometimento\u201d.<\/p>\n<\/blockquote>\n\n\n\n<h3 class=\"wp-block-heading\"><strong>Den\u00fancia \u00e9 an\u00f4nima<\/strong><\/h3>\n\n\n\n<p>As den\u00fancias feitas \u00e0 SaferNet, de forma an\u00f4nima, s\u00e3o filtradas e disponibilizadas ao Minist\u00e9rio P\u00fablico Federal, explica a psic\u00f3loga.<\/p>\n\n\n\n<p>\u201cA SaferNet \u00e9 uma organiza\u00e7\u00e3o n\u00e3o-governamental que atua gerando indicadores e fazendo uma ponte entre o cidad\u00e3o e os \u00f3rg\u00e3os de investiga\u00e7\u00e3o, para garantir que viola\u00e7\u00f5es de direitos humanos na internet n\u00e3o fiquem na invisibilidade. A Safernet n\u00e3o remove conte\u00fado. O&nbsp;<strong>Minist\u00e9rio P\u00fablico Federal \u00e9 quem analisa os links enviados pela Safernet e defina se h\u00e1 ind\u00edcios suficientes pra comprovar a materialidade e a autoria do crime.<\/strong>&nbsp;Ent\u00e3o, havendo crime, inicia-se uma investiga\u00e7\u00e3o e s\u00e3o adotadas as provid\u00eancias cab\u00edveis\u201d. &nbsp;<\/p>\n\n\n\n<p>A especialista destaca alguns desafios do trabalho:<\/p>\n\n\n\n<blockquote class=\"wp-block-quote is-layout-flow wp-block-quote-is-layout-flow\">\n<p>\u201c<strong>Conte\u00fados criminosos podem ser replicados e compartilhados em segundos, o que torna a remo\u00e7\u00e3o uma corrida contra o tempo<\/strong>. E, muitas vezes, ap\u00f3s a retirada da plataforma, o material j\u00e1 pode ter sido copiado e aparecer em outras plataformas, por exemplo. A gente tamb\u00e9m tem jurisdi\u00e7\u00f5es diferentes de coopera\u00e7\u00e3o internacional, que muitas vezes os servidores est\u00e3o hospedados em outros pa\u00edses\u201d.<\/p>\n<\/blockquote>\n\n\n\n<p>Diante desse cen\u00e1rio, diz Bianca Orrico, \u00e9 importante fortalecer a legisla\u00e7\u00e3o e estimular, cada vez mais, as den\u00fancias.<\/p>\n\n\n\n<p>\u201cAl\u00e9m da den\u00fancia, \u00e9&nbsp;<strong>poss\u00edvel tamb\u00e9m registrar, gravar todas as evid\u00eancias, e buscar uma delegacia de Pol\u00edcia Civil mais pr\u00f3xima<\/strong>, pra registrar um boletim de ocorr\u00eancia. Tamb\u00e9m \u00e9 importante refor\u00e7ar que o trabalho de remo\u00e7\u00e3o pra uma internet mais segura e saud\u00e1vel depende desse envolvimento de toda sociedade, pra n\u00e3o s\u00f3 denunciar, mas educar crian\u00e7as e adolescentes sobre os potenciais usos das novas tecnologias, assim tamb\u00e9m como seus principais riscos\u201d.<\/p>\n\n\n\n<h3 class=\"wp-block-heading\"><strong>Como denunciar<\/strong><\/h3>\n\n\n\n<p>A SaferNet mant\u00e9m o Canal Nacional de Den\u00fancias, conveniado ao Minist\u00e9rio P\u00fablico Federal, e o&nbsp;<a href=\"https:\/\/canaldeajuda.org.br\/helpline\">canaldeajuda.org.br,<\/a>&nbsp;o Helpline, para v\u00edtimas de viol\u00eancia e outros problemas online.&nbsp;<\/p>\n\n\n\n<p><em>*Com reportagem de Solimar Luz<br>*A mat\u00e9ria foi atualizada para inclus\u00e3o de dados<\/em>&nbsp;<\/p>\n\n\n\n<p>Edi\u00e7\u00e3o: F\u00e1bio Cardoso<\/p>\n","protected":false},"excerpt":{"rendered":"<p>V\u00eddeo viral de influenciador Felca impulsionou a discuss\u00e3o Impulsionada pela repercuss\u00e3o de den\u00fancias feitas pelo youtuber Felipe Bressanim Pereira, o<\/p>\n","protected":false},"author":5,"featured_media":16511,"comment_status":"open","ping_status":"closed","sticky":false,"template":"","format":"standard","meta":{"colormag_page_container_layout":"default_layout","colormag_page_sidebar_layout":"default_layout","footnotes":""},"categories":[8],"tags":[],"class_list":["post-16509","post","type-post","status-publish","format-standard","has-post-thumbnail","hentry","category-brasil"],"_links":{"self":[{"href":"https:\/\/itapicurufm.com.br\/index.php\/wp-json\/wp\/v2\/posts\/16509","targetHints":{"allow":["GET"]}}],"collection":[{"href":"https:\/\/itapicurufm.com.br\/index.php\/wp-json\/wp\/v2\/posts"}],"about":[{"href":"https:\/\/itapicurufm.com.br\/index.php\/wp-json\/wp\/v2\/types\/post"}],"author":[{"embeddable":true,"href":"https:\/\/itapicurufm.com.br\/index.php\/wp-json\/wp\/v2\/users\/5"}],"replies":[{"embeddable":true,"href":"https:\/\/itapicurufm.com.br\/index.php\/wp-json\/wp\/v2\/comments?post=16509"}],"version-history":[{"count":2,"href":"https:\/\/itapicurufm.com.br\/index.php\/wp-json\/wp\/v2\/posts\/16509\/revisions"}],"predecessor-version":[{"id":16513,"href":"https:\/\/itapicurufm.com.br\/index.php\/wp-json\/wp\/v2\/posts\/16509\/revisions\/16513"}],"wp:featuredmedia":[{"embeddable":true,"href":"https:\/\/itapicurufm.com.br\/index.php\/wp-json\/wp\/v2\/media\/16511"}],"wp:attachment":[{"href":"https:\/\/itapicurufm.com.br\/index.php\/wp-json\/wp\/v2\/media?parent=16509"}],"wp:term":[{"taxonomy":"category","embeddable":true,"href":"https:\/\/itapicurufm.com.br\/index.php\/wp-json\/wp\/v2\/categories?post=16509"},{"taxonomy":"post_tag","embeddable":true,"href":"https:\/\/itapicurufm.com.br\/index.php\/wp-json\/wp\/v2\/tags?post=16509"}],"curies":[{"name":"wp","href":"https:\/\/api.w.org\/{rel}","templated":true}]}}