{"id":16280,"date":"2025-04-21T11:44:11","date_gmt":"2025-04-21T14:44:11","guid":{"rendered":"https:\/\/itapicurufm.com.br\/?p=16280"},"modified":"2025-04-21T11:44:12","modified_gmt":"2025-04-21T14:44:12","slug":"morte-do-papa-francisco-sua-ultima-aparicao-e-a-sombra-de-seu-sucessor","status":"publish","type":"post","link":"https:\/\/itapicurufm.com.br\/index.php\/2025\/04\/21\/morte-do-papa-francisco-sua-ultima-aparicao-e-a-sombra-de-seu-sucessor\/","title":{"rendered":"Morte do Papa Francisco: Sua \u00faltima apari\u00e7\u00e3o e a sombra de seu sucessor"},"content":{"rendered":"\n<h2 class=\"wp-block-heading\">\u00daltima apari\u00e7\u00e3o p\u00fablica<\/h2>\n\n\n\n<p>Ele foi o primeiro papa n\u00e3o europeu e o primeiro jesu\u00edta a ascender ao trono de Pedro. Eleito em 2013, marcou seu pontificado com um compromisso com os mais vulner\u00e1veis, com a ecologia e com o di\u00e1logo inter-religioso. Sua morte ocorreu um dia ap\u00f3s sua \u00faltima apari\u00e7\u00e3o p\u00fablica na b\u00ean\u00e7\u00e3o da P\u00e1scoa, no domingo, 20 de abril de 2025, onde ele apareceu enfraquecido, proferindo sua solene b\u00ean\u00e7\u00e3o Urbi et Orbi na sacada central da Bas\u00edlica de S\u00e3o Pedro.<\/p>\n\n\n\n<h2 class=\"wp-block-heading\">Ra\u00edzes italianas e uma fam\u00edlia enraizada na Argentina<\/h2>\n\n\n\n<p>Nascido em 17 de dezembro de 1936 em Buenos Aires, Jorge Mario Bergoglio era filho de imigrantes italianos. Seus pais, Mario Jos\u00e9 Bergoglio e Regina Mar\u00eda Sivori, deixaram a It\u00e1lia para ir para a Argentina na d\u00e9cada de 1920, fugindo das dificuldades econ\u00f4micas de seu pa\u00eds natal. Essa dupla cultura influenciou fortemente a vis\u00e3o do futuro papa, misturando tradi\u00e7\u00e3o europeia e identidade latino-americana.<\/p>\n\n\n\n<h2 class=\"wp-block-heading\">Um Papa pr\u00f3ximo dos fi\u00e9is e ligado \u00e0s suas ra\u00edzes<\/h2>\n\n\n\n<p>O Papa Francisco se tornou o primeiro pont\u00edfice do continente americano e o primeiro jesu\u00edta a ocupar esse cargo. Fiel aos seus valores, ele manteve seu estilo de vida simples e continuou a afirmar a import\u00e2ncia da humildade e da proximidade com os fi\u00e9is. Seu apego \u00e0 fam\u00edlia, \u00e0s tradi\u00e7\u00f5es populares e \u00e0 justi\u00e7a social s\u00e3o todos indicadores que explicam sua popularidade e influ\u00eancia pelo mundo.<\/p>\n\n\n\n<p>A jornada do Papa Francisco foi marcada por experi\u00eancias pessoais e escolhas corajosas. Do seu amor decepcionado ao seu compromisso religioso e suas ra\u00edzes familiares, cada passo contribuiu para moldar o homem que personificava&nbsp;<em>&#8220;uma mensagem de compaix\u00e3o e humanidade&#8221;.<\/em><\/p>\n\n\n\n<h2 class=\"wp-block-heading\">O que sabemos e o que n\u00e3o sabemos sobre seu sucessor<\/h2>\n\n\n\n<p>O processo de elei\u00e7\u00e3o do sucessor do Papa Francisco come\u00e7ar\u00e1 em breve. O conclave, reservado para cardeais eleitores com menos de 80 anos, come\u00e7ar\u00e1 em 15 dias, no m\u00ednimo. Reunidos na Capela Sistina, os cardeais proceder\u00e3o a uma vota\u00e7\u00e3o secreta. Para ser eleito, um candidato deve obter maioria qualificada de dois ter\u00e7os. Nenhum favorito surgiu ainda, e os debates se concentrar\u00e3o no futuro da Igreja em um contexto de grandes desafios sociais, geopol\u00edticos e espirituais.<\/p>\n\n\n\n<p><\/p>\n","protected":false},"excerpt":{"rendered":"<p>\u00daltima apari\u00e7\u00e3o p\u00fablica Ele foi o primeiro papa n\u00e3o europeu e o primeiro jesu\u00edta a ascender ao trono de Pedro.<\/p>\n","protected":false},"author":5,"featured_media":16281,"comment_status":"open","ping_status":"closed","sticky":false,"template":"","format":"standard","meta":{"colormag_page_container_layout":"default_layout","colormag_page_sidebar_layout":"default_layout","footnotes":""},"categories":[60],"tags":[],"class_list":["post-16280","post","type-post","status-publish","format-standard","has-post-thumbnail","hentry","category-mundo"],"_links":{"self":[{"href":"https:\/\/itapicurufm.com.br\/index.php\/wp-json\/wp\/v2\/posts\/16280","targetHints":{"allow":["GET"]}}],"collection":[{"href":"https:\/\/itapicurufm.com.br\/index.php\/wp-json\/wp\/v2\/posts"}],"about":[{"href":"https:\/\/itapicurufm.com.br\/index.php\/wp-json\/wp\/v2\/types\/post"}],"author":[{"embeddable":true,"href":"https:\/\/itapicurufm.com.br\/index.php\/wp-json\/wp\/v2\/users\/5"}],"replies":[{"embeddable":true,"href":"https:\/\/itapicurufm.com.br\/index.php\/wp-json\/wp\/v2\/comments?post=16280"}],"version-history":[{"count":1,"href":"https:\/\/itapicurufm.com.br\/index.php\/wp-json\/wp\/v2\/posts\/16280\/revisions"}],"predecessor-version":[{"id":16282,"href":"https:\/\/itapicurufm.com.br\/index.php\/wp-json\/wp\/v2\/posts\/16280\/revisions\/16282"}],"wp:featuredmedia":[{"embeddable":true,"href":"https:\/\/itapicurufm.com.br\/index.php\/wp-json\/wp\/v2\/media\/16281"}],"wp:attachment":[{"href":"https:\/\/itapicurufm.com.br\/index.php\/wp-json\/wp\/v2\/media?parent=16280"}],"wp:term":[{"taxonomy":"category","embeddable":true,"href":"https:\/\/itapicurufm.com.br\/index.php\/wp-json\/wp\/v2\/categories?post=16280"},{"taxonomy":"post_tag","embeddable":true,"href":"https:\/\/itapicurufm.com.br\/index.php\/wp-json\/wp\/v2\/tags?post=16280"}],"curies":[{"name":"wp","href":"https:\/\/api.w.org\/{rel}","templated":true}]}}