{"id":16241,"date":"2025-04-03T15:31:56","date_gmt":"2025-04-03T18:31:56","guid":{"rendered":"https:\/\/itapicurufm.com.br\/?p=16241"},"modified":"2025-04-03T15:31:57","modified_gmt":"2025-04-03T18:31:57","slug":"abril-laranja-um-mes-de-reflexao-e-acao-pela-defesa-dos-animais","status":"publish","type":"post","link":"https:\/\/itapicurufm.com.br\/index.php\/2025\/04\/03\/abril-laranja-um-mes-de-reflexao-e-acao-pela-defesa-dos-animais\/","title":{"rendered":"Abril Laranja: um m\u00eas de reflex\u00e3o e a\u00e7\u00e3o pela defesa dos animais"},"content":{"rendered":"\n<h2 class=\"wp-block-heading\">Apesar de ser um tema presente ao longo do ano, abril \u00e9 um m\u00eas para intensificar a reflex\u00e3o e as a\u00e7\u00f5es em torno desse grave problema<\/h2>\n\n\n\n<p>O Significado do Abril Laranja<\/p>\n\n\n\n<p>Em meio a esse cen\u00e1rio, a campanha Abril Laranja \u2013 iniciativa mundial de combate \u00e0 crueldade contra animais, criada pela American Society for the Prevention of Cruelty to Animals (ASPCA) \u2013 adquire ainda mais relev\u00e2ncia. A campanha visa conscientizar a popula\u00e7\u00e3o e refor\u00e7ar a necessidade de a\u00e7\u00f5es efetivas para a prote\u00e7\u00e3o animal, transformando a sensibiliza\u00e7\u00e3o em medidas concretas que possam salvar vidas.<\/p>\n\n\n\n<p>Causas da Crise de Maus-Tratos<\/p>\n\n\n\n<p>O aumento dos casos de abandono e maus-tratos no pa\u00eds pode ser atribu\u00eddo a diversos fatores, entre os quais se destacam:<\/p>\n\n\n\n<p>\u2022 Crise Econ\u00f4mica: As dificuldades financeiras t\u00eam levado muitas fam\u00edlias a abandonar seus animais por n\u00e3o conseguirem arcar com os custos de alimenta\u00e7\u00e3o e cuidados veterin\u00e1rios.<\/p>\n\n\n\n<p>\u2022 Falta de Pol\u00edticas P\u00fablicas Eficazes: A aus\u00eancia de programas abrangentes de castra\u00e7\u00e3o, incentivo \u00e0 ado\u00e7\u00e3o respons\u00e1vel e fiscaliza\u00e7\u00e3o rigorosa contribui para o crescimento descontrolado do n\u00famero de animais em situa\u00e7\u00e3o de rua.<\/p>\n\n\n\n<p>\u2022 Baixa Conscientiza\u00e7\u00e3o: Muitas pessoas adotam pets por impulso, sem avaliar a responsabilidade de cuidar de um ser vivo a longo prazo, abandonando-os diante de eventuais dificuldades.<\/p>\n\n\n\n<p>\u2022 Fiscaliza\u00e7\u00e3o Ineficaz: Mesmo com a exist\u00eancia de legisla\u00e7\u00f5es que preveem puni\u00e7\u00f5es para maus-tratos, a impunidade ainda impera, agravando o problema.<\/p>\n\n\n\n<p>Francis Flosi, m\u00e9dico-veterin\u00e1rio e diretor da Faculdade de Medicina Veterin\u00e1ria Qualittas, juntamente com o professor doutor Jos\u00e9 Carlos Feo, alerta para a necessidade de uma a\u00e7\u00e3o concreta:<\/p>\n\n\n\n<p>\u201cOs n\u00fameros refletem uma realidade preocupante. O abandono e os maus-tratos s\u00e3o consequ\u00eancias da falta de conscientiza\u00e7\u00e3o e de pol\u00edticas p\u00fablicas eficazes. Precisamos fortalecer as campanhas educativas, intensificar a fiscaliza\u00e7\u00e3o e garantir puni\u00e7\u00f5es rigorosas para reverter esse cen\u00e1rio.\u201d<\/p>\n\n\n\n<p>Como combater os maus-tratos?<\/p>\n\n\n\n<p>O Abril Laranja n\u00e3o deve ser encarado apenas como um m\u00eas simb\u00f3lico de conscientiza\u00e7\u00e3o. \u00c9 essencial que a sociedade se mobilize para enfrentar essa realidade. Algumas a\u00e7\u00f5es fundamentais incluem:<\/p>\n\n\n\n<p>\u2022 Denunciar Maus-Tratos: \u00c9 imperativo reportar qualquer caso de neglig\u00eancia, agress\u00e3o ou abandono \u00e0s autoridades competentes.<\/p>\n\n\n\n<p>\u2022 Apoiar ONGs e Protetores: Organiza\u00e7\u00f5es que atuam na prote\u00e7\u00e3o animal muitas vezes carecem de recursos. Doa\u00e7\u00f5es, voluntariado e incentivo \u00e0 ado\u00e7\u00e3o respons\u00e1vel s\u00e3o cruciais.<\/p>\n\n\n\n<p>\u2022 Adotar com Consci\u00eancia: Ter um animal de estima\u00e7\u00e3o \u00e9 um compromisso vital\u00edcio. Antes de adotar, \u00e9 fundamental avaliar se h\u00e1 condi\u00e7\u00f5es de oferecer os cuidados necess\u00e1rios.<\/p>\n\n\n\n<p>\u2022 Exigir Pol\u00edticas P\u00fablicas Eficientes: A popula\u00e7\u00e3o deve pressionar por programas de castra\u00e7\u00e3o gratuita, incentivos \u00e0 ado\u00e7\u00e3o e uma fiscaliza\u00e7\u00e3o efetiva das leis de prote\u00e7\u00e3o animal.<\/p>\n\n\n\n<p>\u2022 Compartilhar Informa\u00e7\u00f5es: Educar amigos, familiares e a comunidade sobre a guarda respons\u00e1vel e os impactos do abandono pode criar uma cultura de respeito e prote\u00e7\u00e3o aos animais.<\/p>\n\n\n\n<p>O futuro dos animais depende de nossas a\u00e7\u00f5es&nbsp;<\/p>\n\n\n\n<p>O cont\u00ednuo crescimento dos \u00edndices de maus-tratos e abandono ressalta a urg\u00eancia de mudan\u00e7as reais. Com o engajamento da sociedade, o comprometimento das autoridades e o apoio dos profissionais da Medicina Veterin\u00e1ria, \u00e9 poss\u00edvel construir um futuro mais justo e seguro para milh\u00f5es de animais em todo o Brasil.<\/p>\n","protected":false},"excerpt":{"rendered":"<p>Apesar de ser um tema presente ao longo do ano, abril \u00e9 um m\u00eas para intensificar a reflex\u00e3o e as<\/p>\n","protected":false},"author":5,"featured_media":16239,"comment_status":"open","ping_status":"closed","sticky":false,"template":"","format":"standard","meta":{"colormag_page_container_layout":"default_layout","colormag_page_sidebar_layout":"default_layout","footnotes":""},"categories":[8],"tags":[],"class_list":["post-16241","post","type-post","status-publish","format-standard","has-post-thumbnail","hentry","category-brasil"],"_links":{"self":[{"href":"https:\/\/itapicurufm.com.br\/index.php\/wp-json\/wp\/v2\/posts\/16241","targetHints":{"allow":["GET"]}}],"collection":[{"href":"https:\/\/itapicurufm.com.br\/index.php\/wp-json\/wp\/v2\/posts"}],"about":[{"href":"https:\/\/itapicurufm.com.br\/index.php\/wp-json\/wp\/v2\/types\/post"}],"author":[{"embeddable":true,"href":"https:\/\/itapicurufm.com.br\/index.php\/wp-json\/wp\/v2\/users\/5"}],"replies":[{"embeddable":true,"href":"https:\/\/itapicurufm.com.br\/index.php\/wp-json\/wp\/v2\/comments?post=16241"}],"version-history":[{"count":1,"href":"https:\/\/itapicurufm.com.br\/index.php\/wp-json\/wp\/v2\/posts\/16241\/revisions"}],"predecessor-version":[{"id":16242,"href":"https:\/\/itapicurufm.com.br\/index.php\/wp-json\/wp\/v2\/posts\/16241\/revisions\/16242"}],"wp:featuredmedia":[{"embeddable":true,"href":"https:\/\/itapicurufm.com.br\/index.php\/wp-json\/wp\/v2\/media\/16239"}],"wp:attachment":[{"href":"https:\/\/itapicurufm.com.br\/index.php\/wp-json\/wp\/v2\/media?parent=16241"}],"wp:term":[{"taxonomy":"category","embeddable":true,"href":"https:\/\/itapicurufm.com.br\/index.php\/wp-json\/wp\/v2\/categories?post=16241"},{"taxonomy":"post_tag","embeddable":true,"href":"https:\/\/itapicurufm.com.br\/index.php\/wp-json\/wp\/v2\/tags?post=16241"}],"curies":[{"name":"wp","href":"https:\/\/api.w.org\/{rel}","templated":true}]}}