{"id":16229,"date":"2025-04-03T15:08:10","date_gmt":"2025-04-03T18:08:10","guid":{"rendered":"https:\/\/itapicurufm.com.br\/?p=16229"},"modified":"2025-04-03T15:08:48","modified_gmt":"2025-04-03T18:08:48","slug":"com-o-tema-que-a-inclusao-vire-rotina-projeto-acolher-realiza-sua-4a-edicao-no-cdi-municipal-de-ponto-novo","status":"publish","type":"post","link":"https:\/\/itapicurufm.com.br\/index.php\/2025\/04\/03\/com-o-tema-que-a-inclusao-vire-rotina-projeto-acolher-realiza-sua-4a-edicao-no-cdi-municipal-de-ponto-novo\/","title":{"rendered":"Com o tema \u201cQue a inclus\u00e3o vire rotina\u201d, Projeto Acolher realiza sua 4\u00aa edi\u00e7\u00e3o no CDI Municipal de Ponto Novo"},"content":{"rendered":"\n<p>Na manh\u00e3 desta ter\u00e7a-feira (02), o CDI Municipal de Ponto Novo foi palco de mais uma edi\u00e7\u00e3o do Projeto Acolher, que chegou \u00e0 sua 4\u00aa edi\u00e7\u00e3o reafirmando um compromisso di\u00e1rio: tornar a inclus\u00e3o uma pr\u00e1tica constante, presente em cada gesto, em cada cuidado, em cada rotina.<\/p>\n\n\n\n<p>Idealizado e fundado pela prefeita Dra. Fabiane, o projeto tem como miss\u00e3o aproximar fam\u00edlias, profissionais e gest\u00e3o, promovendo um espa\u00e7o de escuta, orienta\u00e7\u00e3o e acolhimento para aqueles que fazem parte da comunidade do CDI.<\/p>\n\n\n\n<p>Com a presen\u00e7a da prefeita, do vice-prefeito, vereadores, secret\u00e1rios, pais, m\u00e3es, alunos e profissionais da educa\u00e7\u00e3o e sa\u00fade, o evento foi marcado por momentos de troca, empatia e reafirma\u00e7\u00e3o de um ideal coletivo: uma Ponto Novo cada vez mais inclusiva e humana.<\/p>\n\n\n\n<p>\u201cQue a inclus\u00e3o vire rotina\u201d n\u00e3o \u00e9 apenas um tema. \u00c9 um chamado \u00e0 consci\u00eancia, ao cuidado e \u00e0 constru\u00e7\u00e3o de uma cidade que abra\u00e7a todas as crian\u00e7as, do jeito que elas s\u00e3o.<\/p>\n","protected":false},"excerpt":{"rendered":"<p>Na manh\u00e3 desta ter\u00e7a-feira (02), o CDI Municipal de Ponto Novo foi palco de mais uma edi\u00e7\u00e3o do Projeto Acolher,<\/p>\n","protected":false},"author":5,"featured_media":16230,"comment_status":"open","ping_status":"closed","sticky":false,"template":"","format":"standard","meta":{"colormag_page_container_layout":"default_layout","colormag_page_sidebar_layout":"default_layout","footnotes":""},"categories":[3],"tags":[],"class_list":["post-16229","post","type-post","status-publish","format-standard","has-post-thumbnail","hentry","category-pontonovo"],"_links":{"self":[{"href":"https:\/\/itapicurufm.com.br\/index.php\/wp-json\/wp\/v2\/posts\/16229","targetHints":{"allow":["GET"]}}],"collection":[{"href":"https:\/\/itapicurufm.com.br\/index.php\/wp-json\/wp\/v2\/posts"}],"about":[{"href":"https:\/\/itapicurufm.com.br\/index.php\/wp-json\/wp\/v2\/types\/post"}],"author":[{"embeddable":true,"href":"https:\/\/itapicurufm.com.br\/index.php\/wp-json\/wp\/v2\/users\/5"}],"replies":[{"embeddable":true,"href":"https:\/\/itapicurufm.com.br\/index.php\/wp-json\/wp\/v2\/comments?post=16229"}],"version-history":[{"count":1,"href":"https:\/\/itapicurufm.com.br\/index.php\/wp-json\/wp\/v2\/posts\/16229\/revisions"}],"predecessor-version":[{"id":16231,"href":"https:\/\/itapicurufm.com.br\/index.php\/wp-json\/wp\/v2\/posts\/16229\/revisions\/16231"}],"wp:featuredmedia":[{"embeddable":true,"href":"https:\/\/itapicurufm.com.br\/index.php\/wp-json\/wp\/v2\/media\/16230"}],"wp:attachment":[{"href":"https:\/\/itapicurufm.com.br\/index.php\/wp-json\/wp\/v2\/media?parent=16229"}],"wp:term":[{"taxonomy":"category","embeddable":true,"href":"https:\/\/itapicurufm.com.br\/index.php\/wp-json\/wp\/v2\/categories?post=16229"},{"taxonomy":"post_tag","embeddable":true,"href":"https:\/\/itapicurufm.com.br\/index.php\/wp-json\/wp\/v2\/tags?post=16229"}],"curies":[{"name":"wp","href":"https:\/\/api.w.org\/{rel}","templated":true}]}}