{"id":16196,"date":"2025-03-28T22:43:28","date_gmt":"2025-03-29T01:43:28","guid":{"rendered":"https:\/\/itapicurufm.com.br\/?p=16196"},"modified":"2025-03-28T22:53:22","modified_gmt":"2025-03-29T01:53:22","slug":"leila-pereira-diz-que-nao-recebeu-resposta-da-fifa-sobre-caso-de-racismo","status":"publish","type":"post","link":"https:\/\/itapicurufm.com.br\/index.php\/2025\/03\/28\/leila-pereira-diz-que-nao-recebeu-resposta-da-fifa-sobre-caso-de-racismo\/","title":{"rendered":"Leila Pereira diz que n\u00e3o recebeu resposta da Fifa sobre caso de racismo"},"content":{"rendered":"\n<p>Leila Pereira, presidente do Palmeiras, disse que ainda n\u00e3o teve resposta da Fifa sobre a puni\u00e7\u00e3o aplicada pela Conmebol ao Cerro Porte\u00f1o pelo caso de racismo na Libertadores Sub-20.\u201cHoje eu recebi a visita de uma senadora do Paraguai, veio conversar sobre esse assunto com a gente. Ela muito preocupada, porque l\u00e1 no Paraguai o crime de racismo n\u00e3o \u00e9 crime, \u00e9 uma infra\u00e7\u00e3o. Ela est\u00e1 disposta a trabalhar com um projeto de lei para que o racismo seja crime\u201d, completou.<\/p>\n\n\n\n<p>No dia 6 de mar\u00e7o, jogadores do Palmeiras&nbsp;<a href=\"https:\/\/www.cnnbrasil.com.br\/esportes\/futebol\/futebol-internacional\/libertadores-da-america\/jogadores-do-palmeiras-sao-alvo-de-racismo-na-libertadores-sub-20\/\">sofreram ataques racistas<\/a>&nbsp;durante jogo contra o Cerro Porte\u00f1o pela Copa Libertadores Sub-20. Luighi, atacante do Verd\u00e3o, chegou a chorar em entrevista ap\u00f3s a partida.<\/p>\n\n\n\n<p>As\u00a0<a href=\"https:\/\/www.cnnbrasil.com.br\/esportes\/futebol\/futebol-internacional\/libertadores-da-america\/conmebol-aplica-punicoes-contra-o-cerro-porteno-apos-ato-racista-com-luighi\/#:~:text=De%20acordo%20com%20a%20entidade,racismo%20em%20sua%20redes%20sociais.\">puni\u00e7\u00f5es<\/a>\u00a0aplicadas pela Conmebol ao Cerro Porte\u00f1o foram: multa de 50 mil d\u00f3lares (cerca de R$ 290 mil), jogos da Libertadores Sub-20 com port\u00f5es fechados, e publicar uma campanha para conscientiza\u00e7\u00e3o contra o racismo nas redes sociais.<\/p>\n\n\n\n<p><strong><a href=\"https:\/\/www.cnnbrasil.com.br\/autor\/raul-moura\/\">Raul Moura<\/a><\/strong>da CNN<\/p>\n","protected":false},"excerpt":{"rendered":"<p>Leila Pereira, presidente do Palmeiras, disse que ainda n\u00e3o teve resposta da Fifa sobre a puni\u00e7\u00e3o aplicada pela Conmebol ao<\/p>\n","protected":false},"author":5,"featured_media":16199,"comment_status":"open","ping_status":"closed","sticky":false,"template":"","format":"standard","meta":{"colormag_page_container_layout":"default_layout","colormag_page_sidebar_layout":"default_layout","footnotes":""},"categories":[5],"tags":[],"class_list":["post-16196","post","type-post","status-publish","format-standard","has-post-thumbnail","hentry","category-esportes"],"_links":{"self":[{"href":"https:\/\/itapicurufm.com.br\/index.php\/wp-json\/wp\/v2\/posts\/16196","targetHints":{"allow":["GET"]}}],"collection":[{"href":"https:\/\/itapicurufm.com.br\/index.php\/wp-json\/wp\/v2\/posts"}],"about":[{"href":"https:\/\/itapicurufm.com.br\/index.php\/wp-json\/wp\/v2\/types\/post"}],"author":[{"embeddable":true,"href":"https:\/\/itapicurufm.com.br\/index.php\/wp-json\/wp\/v2\/users\/5"}],"replies":[{"embeddable":true,"href":"https:\/\/itapicurufm.com.br\/index.php\/wp-json\/wp\/v2\/comments?post=16196"}],"version-history":[{"count":1,"href":"https:\/\/itapicurufm.com.br\/index.php\/wp-json\/wp\/v2\/posts\/16196\/revisions"}],"predecessor-version":[{"id":16200,"href":"https:\/\/itapicurufm.com.br\/index.php\/wp-json\/wp\/v2\/posts\/16196\/revisions\/16200"}],"wp:featuredmedia":[{"embeddable":true,"href":"https:\/\/itapicurufm.com.br\/index.php\/wp-json\/wp\/v2\/media\/16199"}],"wp:attachment":[{"href":"https:\/\/itapicurufm.com.br\/index.php\/wp-json\/wp\/v2\/media?parent=16196"}],"wp:term":[{"taxonomy":"category","embeddable":true,"href":"https:\/\/itapicurufm.com.br\/index.php\/wp-json\/wp\/v2\/categories?post=16196"},{"taxonomy":"post_tag","embeddable":true,"href":"https:\/\/itapicurufm.com.br\/index.php\/wp-json\/wp\/v2\/tags?post=16196"}],"curies":[{"name":"wp","href":"https:\/\/api.w.org\/{rel}","templated":true}]}}