{"id":16193,"date":"2025-03-28T22:37:23","date_gmt":"2025-03-29T01:37:23","guid":{"rendered":"https:\/\/itapicurufm.com.br\/?p=16193"},"modified":"2025-03-28T22:53:43","modified_gmt":"2025-03-29T01:53:43","slug":"dorival-junior-e-demitido-da-selecao-brasileira-apos-vexame-na-argentina","status":"publish","type":"post","link":"https:\/\/itapicurufm.com.br\/index.php\/2025\/03\/28\/dorival-junior-e-demitido-da-selecao-brasileira-apos-vexame-na-argentina\/","title":{"rendered":"Dorival J\u00fanior \u00e9 demitido da Sele\u00e7\u00e3o Brasileira ap\u00f3s vexame na Argentina"},"content":{"rendered":"\n<p>O t\u00e9cnico Dorival J\u00fanior foi demitido da Sele\u00e7\u00e3o Brasileira. O desligamento do treinador ocorreu nesta sexta-feira (28), tr\u00eas dias ap\u00f3s a goleada por 4 a 1 sofrida para a Argentina, em Buenos Aires. A demiss\u00e3o foi anunciada pela CBF (Confedera\u00e7\u00e3o Brasileira de Futebol) por meio de suas redes sociais.Nos reunimos com o Dorival J\u00fanior e tamb\u00e9m com o Rodrigo Caetano, que est\u00e1 aqui ao lado, e a CBF neste momento anuncia que encerrou o ciclo do Dorival. A gente agradece muito pelo trabalho que ele desempenhou \u00e0 frente da Sele\u00e7\u00e3o Brasileira e a gente deseja para ele todo sucesso e novos desafios em sua carreira. Portanto, a partir de agora, vamos trabalhar na busca de um substituto\u201d, disse o presidente da CBF, Ednaldo Rodrigues, a rep\u00f3rteres presentes na sede da CBF.Dorival J\u00fanior assumiu a Sele\u00e7\u00e3o Brasileira em janeiro de 2024 e, em pouco mais de um ano de trabalho, comandou a equipe em 16 partidas, com 7 vit\u00f3rias, 7 empates e 2 derrotas \u2014 aproveitamento de 58,3%.<\/p>\n\n\n\n<h2 class=\"wp-block-heading\">Marcas negativas de Dorival com a Sele\u00e7\u00e3o Brasileira<\/h2>\n\n\n\n<p>Brasil sofreu dois gols em menos de 15 minutos depois de 70 anos (nos 4 a 1 contra a Argentina)<\/p>\n\n\n\n<p>Pior derrota do Brasil em Eliminat\u00f3rias (4 a 1 para a Argentina)<\/p>\n\n\n\n<p>Brasil sofreu em dois jogos o mesmo n\u00famero de gols que em toda a campanha das Eliminat\u00f3rias de 2022 (5)<\/p>\n","protected":false},"excerpt":{"rendered":"<p>O t\u00e9cnico Dorival J\u00fanior foi demitido da Sele\u00e7\u00e3o Brasileira. O desligamento do treinador ocorreu nesta sexta-feira (28), tr\u00eas dias ap\u00f3s<\/p>\n","protected":false},"author":5,"featured_media":16194,"comment_status":"open","ping_status":"closed","sticky":false,"template":"","format":"standard","meta":{"colormag_page_container_layout":"default_layout","colormag_page_sidebar_layout":"default_layout","footnotes":""},"categories":[5],"tags":[],"class_list":["post-16193","post","type-post","status-publish","format-standard","has-post-thumbnail","hentry","category-esportes"],"_links":{"self":[{"href":"https:\/\/itapicurufm.com.br\/index.php\/wp-json\/wp\/v2\/posts\/16193","targetHints":{"allow":["GET"]}}],"collection":[{"href":"https:\/\/itapicurufm.com.br\/index.php\/wp-json\/wp\/v2\/posts"}],"about":[{"href":"https:\/\/itapicurufm.com.br\/index.php\/wp-json\/wp\/v2\/types\/post"}],"author":[{"embeddable":true,"href":"https:\/\/itapicurufm.com.br\/index.php\/wp-json\/wp\/v2\/users\/5"}],"replies":[{"embeddable":true,"href":"https:\/\/itapicurufm.com.br\/index.php\/wp-json\/wp\/v2\/comments?post=16193"}],"version-history":[{"count":1,"href":"https:\/\/itapicurufm.com.br\/index.php\/wp-json\/wp\/v2\/posts\/16193\/revisions"}],"predecessor-version":[{"id":16195,"href":"https:\/\/itapicurufm.com.br\/index.php\/wp-json\/wp\/v2\/posts\/16193\/revisions\/16195"}],"wp:featuredmedia":[{"embeddable":true,"href":"https:\/\/itapicurufm.com.br\/index.php\/wp-json\/wp\/v2\/media\/16194"}],"wp:attachment":[{"href":"https:\/\/itapicurufm.com.br\/index.php\/wp-json\/wp\/v2\/media?parent=16193"}],"wp:term":[{"taxonomy":"category","embeddable":true,"href":"https:\/\/itapicurufm.com.br\/index.php\/wp-json\/wp\/v2\/categories?post=16193"},{"taxonomy":"post_tag","embeddable":true,"href":"https:\/\/itapicurufm.com.br\/index.php\/wp-json\/wp\/v2\/tags?post=16193"}],"curies":[{"name":"wp","href":"https:\/\/api.w.org\/{rel}","templated":true}]}}