{"id":16189,"date":"2025-03-28T22:30:00","date_gmt":"2025-03-29T01:30:00","guid":{"rendered":"https:\/\/itapicurufm.com.br\/?p=16189"},"modified":"2025-03-28T22:30:03","modified_gmt":"2025-03-29T01:30:03","slug":"daniel-alves-absolvido-advogada-de-acusacao-diz-que-vai-recorrer-e-chama-decisao-de-retrocesso","status":"publish","type":"post","link":"https:\/\/itapicurufm.com.br\/index.php\/2025\/03\/28\/daniel-alves-absolvido-advogada-de-acusacao-diz-que-vai-recorrer-e-chama-decisao-de-retrocesso\/","title":{"rendered":"Daniel Alves absolvido: advogada de acusa\u00e7\u00e3o diz que vai recorrer e chama decis\u00e3o de retrocesso"},"content":{"rendered":"\n<p>A advogada que representa a jovem que acusou Daniel Alves de estupro afirmou que vai recorrer da\u00a0<a class=\"\" href=\"https:\/\/g1.globo.com\/mundo\/noticia\/2025\/03\/28\/daniel-alves-e-absolvido-pela-justica-da-espanha.ghtml\">anula\u00e7\u00e3o da condena\u00e7\u00e3o do ex-jogador<\/a>. A jornalistas, nesta sexta-feira (28) Ester Garcia chamou a decis\u00e3o de &#8220;retrocesso&#8221;.<\/p>\n\n\n\n<p><strong><br>MENU<\/strong><\/p>\n\n\n\n<p><a href=\"https:\/\/g1.globo.com\/\"><\/a><\/p>\n\n\n\n<p><a href=\"http:\/\/g1.globo.com\/mundo\/\">Mundo<\/a><\/p>\n\n\n\n<figure class=\"wp-block-embed\"><div class=\"wp-block-embed__wrapper\">\nhttps:\/\/b92af0057ad1591c8bd146ef989e8852.safeframe.googlesyndication.com\/safeframe\/1-0-41\/html\/container.html\n<\/div><\/figure>\n\n\n\n<h1 class=\"wp-block-heading\">Daniel Alves absolvido: advogada de acusa\u00e7\u00e3o diz que vai recorrer e chama decis\u00e3o de retrocesso<\/h1>\n\n\n\n<h2 class=\"wp-block-heading\">Ester Garcia, que representa a jovem que denunciou o ex-jogador, afirmou que decis\u00e3o desincentiva mulheres a denunciar agress\u00f5es sexuais. Anula\u00e7\u00e3o foi publicada nesta sexta-feira (28).<\/h2>\n\n\n\n<p>Por&nbsp;<a href=\"https:\/\/g1.globo.com\/autores\/redacao-g1\/\">Reda\u00e7\u00e3o g1<\/a><\/p>\n\n\n\n<p>28\/03\/2025 15h47&nbsp;&nbsp;Atualizado&nbsp;h\u00e1 4 horas<\/p>\n\n\n\n<p>https:\/\/imasdk.googleapis.com\/js\/core\/bridge3.690.0_pt_br.html#fid=goog_190878865Reproduzir v\u00eddeo<\/p>\n\n\n\n<figure class=\"wp-block-video\"><\/figure>\n\n\n\n<p>00:00\/00:49Silenciar somMinimizar v\u00eddeoTela cheia<\/p>\n\n\n\n<p>Tribunal da Espanha absolve o ex-jogador Daniel Alves<\/p>\n\n\n\n<p>A advogada que representa a jovem que acusou Daniel Alves de estupro afirmou que vai recorrer da&nbsp;<a class=\"\" href=\"https:\/\/g1.globo.com\/mundo\/noticia\/2025\/03\/28\/daniel-alves-e-absolvido-pela-justica-da-espanha.ghtml\">anula\u00e7\u00e3o da condena\u00e7\u00e3o do ex-jogador<\/a>. A jornalistas, nesta sexta-feira (28) Ester Garcia chamou a decis\u00e3o de &#8220;retrocesso&#8221;.<\/p>\n\n\n\n<p>Na pr\u00e1tica, a anula\u00e7\u00e3o da condena\u00e7\u00e3o absolve automaticamente Alves. Ele j\u00e1 estava em liberdade provis\u00f3ria desde mar\u00e7o do ano passado, ap\u00f3s um recurso aceito pela Justi\u00e7a catal\u00e3.<\/p>\n\n\n\n<p>Ester Garcia disse que a v\u00edtima ficou profundamente decepcionada e triste com a anula\u00e7\u00e3o. Segundo ela, foi como se &#8220;tivesse voltado ao banheiro&#8221; onde tudo aconteceu.<\/p>\n\n\n\n<p>&#8220;\u00c9 um retrocesso, tanto do ponto de vista jur\u00eddico quanto social, \u00e0s lutas contra a viol\u00eancia sexual. E, de alguma maneira, acredito que pode desincentivar que as mulheres denunciem as agress\u00f5es sexuais que sofreram&#8221;, afirmou.<\/p>\n\n\n\n<p>O Tribunal Superior da Catalunha anulou a condena\u00e7\u00e3o de Alves por unanimidade. O ex-jogador havia sido sentenciado a\u00a0<a class=\"\" href=\"https:\/\/g1.globo.com\/mundo\/noticia\/2024\/03\/20\/daniel-alves-foi-condenado-a-4-anos-e-6-meses-de-prisao-por-estupro-relembre-julgamento-do-ex-jogador.ghtml\">4 anos e 6 meses de pris\u00e3o<\/a>\u00a0por um tribunal de primeira inst\u00e2ncia, acusado de estuprar a jovem em uma discoteca em Barcelona.Os ju\u00edzes apontaram que a decis\u00e3o anterior apresentava &#8220;lacunas e imprecis\u00f5es&#8221;. Apesar de n\u00e3o duvidarem do teor da den\u00fancia, a Corte entendeu que a senten\u00e7a em primeira inst\u00e2ncia n\u00e3o esgotou todos os recursos para comprovar a vers\u00e3o da acusa\u00e7\u00e3o.<\/p>\n\n\n\n<p>Entre as lacunas existentes no caso, de acordo com a senten\u00e7a, est\u00e3o:a decis\u00e3o da primeira inst\u00e2ncia aceitou a declara\u00e7\u00e3o da v\u00edtima sobre a &#8220;penetra\u00e7\u00e3o vaginal n\u00e3o consentida&#8221;\u00a0sem contrast\u00e1-la com outras provas, como impress\u00f5es digitais e evid\u00eancias de DNA biol\u00f3gico;havia trechos do relato da v\u00edtima (n\u00e3o est\u00e3o especificados na senten\u00e7a) que\u00a0poderiam ter sido checados com grava\u00e7\u00f5es do sistema interno de c\u00e2meras\u00a0da discoteca, segundo alegou a defesa de Alves;<\/p>\n\n\n\n<ul class=\"wp-block-list\">\n<li>a senten\u00e7a da primeira inst\u00e2ncia\u00a0<strong>confiou &#8220;de forma subjetiva&#8221; na declara\u00e7\u00e3o da denunciante<\/strong>;<\/li>\n\n\n\n<li>a\u00a0<strong>v\u00edtima era &#8220;uma testemunha n\u00e3o confi\u00e1vel&#8221;<\/strong>\u00a0porque v\u00e1rias declara\u00e7\u00f5es suas n\u00e3o foram verificadas.<\/li>\n\n\n\n<li>n\u00e3o \u00e9 poss\u00edvel concluir, segundo a senten\u00e7a desta sexta, que os padr\u00f5es da<strong>\u00a0presun\u00e7\u00e3o de inoc\u00eancia\u00a0<\/strong>estabelecidos por uma diretriz da Uni\u00e3o Europeia tenham sido atendidos.<\/li>\n\n\n\n<li>A senten\u00e7a ressalta que a decis\u00e3o de anular a condena\u00e7\u00e3o n\u00e3o significa que o tribunal esteja afirmando que a vers\u00e3o de Alves \u2014 de que n\u00e3o houve estupro e que ele teve uma rela\u00e7\u00e3o sexual consentida com a v\u00edtima \u2014 seja a correta.<\/li>\n\n\n\n<li>No entanto, os ju\u00edzes argumentam que, devido \u00e0s inconsist\u00eancias, tamb\u00e9m n\u00e3o podem aceitar a hip\u00f3tese da acusa\u00e7\u00e3o como provada.<\/li>\n\n\n\n<li>Tamb\u00e9m por unanimidade, os ju\u00edzes negaram um recurso da Promotoria de Barcelona apresentado ap\u00f3s Alves deixar pris\u00e3o. Os promotores pediam que o ex-jogador voltasse a ser preso e que a pena, de 4 anos e 6 meses sem fian\u00e7a, aumentasse para 9 anos sem fian\u00e7a.<\/li>\n<\/ul>\n\n\n\n<p>            Por\u00a0<a href=\"https:\/\/g1.globo.com\/autores\/redacao-g1\/\">Reda\u00e7\u00e3o g1<\/a><\/p>\n","protected":false},"excerpt":{"rendered":"<p>A advogada que representa a jovem que acusou Daniel Alves de estupro afirmou que vai recorrer da\u00a0anula\u00e7\u00e3o da condena\u00e7\u00e3o do<\/p>\n","protected":false},"author":5,"featured_media":16190,"comment_status":"open","ping_status":"closed","sticky":false,"template":"","format":"standard","meta":{"colormag_page_container_layout":"default_layout","colormag_page_sidebar_layout":"default_layout","footnotes":""},"categories":[60],"tags":[],"class_list":["post-16189","post","type-post","status-publish","format-standard","has-post-thumbnail","hentry","category-mundo"],"_links":{"self":[{"href":"https:\/\/itapicurufm.com.br\/index.php\/wp-json\/wp\/v2\/posts\/16189","targetHints":{"allow":["GET"]}}],"collection":[{"href":"https:\/\/itapicurufm.com.br\/index.php\/wp-json\/wp\/v2\/posts"}],"about":[{"href":"https:\/\/itapicurufm.com.br\/index.php\/wp-json\/wp\/v2\/types\/post"}],"author":[{"embeddable":true,"href":"https:\/\/itapicurufm.com.br\/index.php\/wp-json\/wp\/v2\/users\/5"}],"replies":[{"embeddable":true,"href":"https:\/\/itapicurufm.com.br\/index.php\/wp-json\/wp\/v2\/comments?post=16189"}],"version-history":[{"count":1,"href":"https:\/\/itapicurufm.com.br\/index.php\/wp-json\/wp\/v2\/posts\/16189\/revisions"}],"predecessor-version":[{"id":16191,"href":"https:\/\/itapicurufm.com.br\/index.php\/wp-json\/wp\/v2\/posts\/16189\/revisions\/16191"}],"wp:featuredmedia":[{"embeddable":true,"href":"https:\/\/itapicurufm.com.br\/index.php\/wp-json\/wp\/v2\/media\/16190"}],"wp:attachment":[{"href":"https:\/\/itapicurufm.com.br\/index.php\/wp-json\/wp\/v2\/media?parent=16189"}],"wp:term":[{"taxonomy":"category","embeddable":true,"href":"https:\/\/itapicurufm.com.br\/index.php\/wp-json\/wp\/v2\/categories?post=16189"},{"taxonomy":"post_tag","embeddable":true,"href":"https:\/\/itapicurufm.com.br\/index.php\/wp-json\/wp\/v2\/tags?post=16189"}],"curies":[{"name":"wp","href":"https:\/\/api.w.org\/{rel}","templated":true}]}}