{"id":16178,"date":"2025-03-28T21:23:39","date_gmt":"2025-03-29T00:23:39","guid":{"rendered":"https:\/\/itapicurufm.com.br\/?p=16178"},"modified":"2025-03-28T21:24:23","modified_gmt":"2025-03-29T00:24:23","slug":"em-meio-a-alta-dos-juros-brasil-cria-4319-mil-empregos-formais-em-fevereiro-e-bate-recorde","status":"publish","type":"post","link":"https:\/\/itapicurufm.com.br\/index.php\/2025\/03\/28\/em-meio-a-alta-dos-juros-brasil-cria-4319-mil-empregos-formais-em-fevereiro-e-bate-recorde\/","title":{"rendered":"Em meio \u00e0 alta dos juros, Brasil cria 431,9 mil empregos formais em fevereiro e bate recorde"},"content":{"rendered":"\n<p>A economia brasileira gerou&nbsp;<strong>431,99 mil<\/strong>&nbsp;empregos formais em fevereiro deste ano, informou nesta sexta-feira (28) o Minist\u00e9rio do Trabalho e Emprego.<\/p>\n\n\n\n<p>Ao todo, segundo o governo federal, foram registradas em fevereiro:<\/p>\n\n\n\n<ul class=\"wp-block-list\">\n<li><strong>2,58 milh\u00f5es<\/strong>\u00a0de contrata\u00e7\u00f5es;<\/li>\n\n\n\n<li><strong>2,15 milh\u00f5es<\/strong>\u00a0de demiss\u00f5es.<\/li>\n<\/ul>\n\n\n\n<p>Na compara\u00e7\u00e3o com o mesmo m\u00eas do ano passado, que teve gera\u00e7\u00e3o de&nbsp;<strong>307,5 mil<\/strong>&nbsp;empregos formais, houve um aumento de&nbsp;<strong>40,4%<\/strong>, conforme dados oficiais.<\/p>\n\n\n\n<p>O resultado em fevereiro deste ano \u00e9 o melhor entre todos os meses desde o in\u00edcio da nova s\u00e9rie hist\u00f3rica do Cadastro Geral de Empregados e Desempregados (Caged), em 2020.<\/p>\n\n\n\n<p>At\u00e9 ent\u00e3o, a maior cria\u00e7\u00e3o de vagas com carteira assinada havia sido registrada em fevereiro de 2021, quando foram gerados<strong>&nbsp;397,8 mil&nbsp;<\/strong>empregos formais.<\/p>\n\n\n\n<h2 class=\"wp-block-heading\">Alta dos juros<\/h2>\n\n\n\n<p>A forte cria\u00e7\u00e3o de empregos formais acontece em meio ao processo de alta dos juros, que vem sendo implementada pelo Banco Central desde setembro do ano passado para tentar conter press\u00f5es inflacion\u00e1rias.<\/p>\n\n\n\n<p>Atualmente, a taxa Selic est\u00e1 em 14,25% ao ano, ap\u00f3s cinco eleva\u00e7\u00f5es, patamar igual ao registrado o governo&nbsp;<a class=\"\" href=\"https:\/\/g1.globo.com\/politica\/politico\/dilma\/\">Dilma Rousseff<\/a>, em 2015 e 2016.<\/p>\n\n\n\n<p>E o Banco Central j\u00e1 avisou que deve promover nova alta da taxa b\u00e1sica em maio deste ano.<\/p>\n\n\n\n<h2 class=\"wp-block-heading\">Posi\u00e7\u00e3o do Minist\u00e9rio do Trabalho<\/h2>\n\n\n\n<p>O ministro do Trabalho, Luiz Marinho, afirmou nesta sexta-feira que a gera\u00e7\u00e3o recorde de emprego formal em fevereiro deste ano \u00e9 resultado do trabalho do governo, que tem adotado medidas para estimular a economia, al\u00e9m das reformas que o Congresso Nacional aprovou nos \u00faltimos anos.<\/p>\n\n\n\n<p>&#8220;Isso \u00e9 repercuss\u00e3o. \u00c9 resultado dos investimentos, p\u00fablicos e privados. Se voc\u00ea n\u00e3o sangra pelo pagamento de juros, que \u00e9 o que est\u00e1 acontecendo, sobra mais para investimento&#8221;, declarou o ministro Luiz Marinho, do Trabalho.<\/p>\n\n\n\n<p>Segundo ele,&nbsp;<strong>o fato de o carnaval ter acontecido no m\u00eas de mar\u00e7o, neste ano, tamb\u00e9m pode ter contribu\u00eddo para o bom resultado de fevereiro, que contou com mais dias \u00fateis.<\/strong>&nbsp;Em consequ\u00eancia, mar\u00e7o pode ter um resultado menos favor\u00e1vel.<\/p>\n","protected":false},"excerpt":{"rendered":"<p>A economia brasileira gerou&nbsp;431,99 mil&nbsp;empregos formais em fevereiro deste ano, informou nesta sexta-feira (28) o Minist\u00e9rio do Trabalho e Emprego.<\/p>\n","protected":false},"author":5,"featured_media":16179,"comment_status":"open","ping_status":"closed","sticky":false,"template":"","format":"standard","meta":{"colormag_page_container_layout":"default_layout","colormag_page_sidebar_layout":"default_layout","footnotes":""},"categories":[8],"tags":[],"class_list":["post-16178","post","type-post","status-publish","format-standard","has-post-thumbnail","hentry","category-brasil"],"_links":{"self":[{"href":"https:\/\/itapicurufm.com.br\/index.php\/wp-json\/wp\/v2\/posts\/16178","targetHints":{"allow":["GET"]}}],"collection":[{"href":"https:\/\/itapicurufm.com.br\/index.php\/wp-json\/wp\/v2\/posts"}],"about":[{"href":"https:\/\/itapicurufm.com.br\/index.php\/wp-json\/wp\/v2\/types\/post"}],"author":[{"embeddable":true,"href":"https:\/\/itapicurufm.com.br\/index.php\/wp-json\/wp\/v2\/users\/5"}],"replies":[{"embeddable":true,"href":"https:\/\/itapicurufm.com.br\/index.php\/wp-json\/wp\/v2\/comments?post=16178"}],"version-history":[{"count":1,"href":"https:\/\/itapicurufm.com.br\/index.php\/wp-json\/wp\/v2\/posts\/16178\/revisions"}],"predecessor-version":[{"id":16180,"href":"https:\/\/itapicurufm.com.br\/index.php\/wp-json\/wp\/v2\/posts\/16178\/revisions\/16180"}],"wp:featuredmedia":[{"embeddable":true,"href":"https:\/\/itapicurufm.com.br\/index.php\/wp-json\/wp\/v2\/media\/16179"}],"wp:attachment":[{"href":"https:\/\/itapicurufm.com.br\/index.php\/wp-json\/wp\/v2\/media?parent=16178"}],"wp:term":[{"taxonomy":"category","embeddable":true,"href":"https:\/\/itapicurufm.com.br\/index.php\/wp-json\/wp\/v2\/categories?post=16178"},{"taxonomy":"post_tag","embeddable":true,"href":"https:\/\/itapicurufm.com.br\/index.php\/wp-json\/wp\/v2\/tags?post=16178"}],"curies":[{"name":"wp","href":"https:\/\/api.w.org\/{rel}","templated":true}]}}