{"id":16160,"date":"2025-03-26T14:25:44","date_gmt":"2025-03-26T17:25:44","guid":{"rendered":"https:\/\/itapicurufm.com.br\/?p=16160"},"modified":"2025-03-26T14:25:46","modified_gmt":"2025-03-26T17:25:46","slug":"por-unanimidade-stf-aceita-denuncia-contra-bolsonaro-e-outros-aliados","status":"publish","type":"post","link":"https:\/\/itapicurufm.com.br\/index.php\/2025\/03\/26\/por-unanimidade-stf-aceita-denuncia-contra-bolsonaro-e-outros-aliados\/","title":{"rendered":"Por unanimidade, STF aceita den\u00fancia contra Bolsonaro e outros aliados"},"content":{"rendered":"\n<p>A Primeira Turma do Supremo Tribunal Federal (STF) decidiu pelo acolhimento, por unanimidade, da den\u00fancia oferecida pela Procuradoria-Geral da Rep\u00fablica (PGR) contra o ex-presidente Jair Bolsonaro (PL) e outros sete aliados, que integram o primeiro n\u00facleo de acusados da tentativa de golpe de Estado e aboli\u00e7\u00e3o do Estado democr\u00e1tico de direito.<\/p>\n\n\n\n<p>Dessa forma, Alexandre Ramagem (ex-diretor da Abin), Anderson Torres (ex-ministro da Justi\u00e7a), Braga Netto (ex-ministro da Casa Civil e da Defesa), Almir Garnier (ex-comandante da Marinha), Paulo S\u00e9rgio Nogueira (ex-comandante do Ex\u00e9rcito), Augusto Heleno (ex-ministro do GSI), Mauro Cid (ex &#8211; ajudante de ordens de Bolsonaro) e Jair Messias Bolsonaro se tornam r\u00e9us. Eles responder\u00e3o a uma a\u00e7\u00e3o penal pelos crimes de organiza\u00e7\u00e3o criminosa armada; tentativa de aboli\u00e7\u00e3o violenta do Estado Democr\u00e1tico de Direito; golpe de Estado; dano qualificado pela viol\u00eancia e grave amea\u00e7a contra o patrim\u00f4nio da Uni\u00e3o; e com consider\u00e1vel preju\u00edzo para a v\u00edtima e deteriora\u00e7\u00e3o de patrim\u00f4nio tombado. As penas para os crimes variam entre 20 a 26 anos de cadeia.<\/p>\n\n\n\n<p>Com o recebimento da den\u00fancia, tem in\u00edcio a chamada&nbsp;<strong>fase de instru\u00e7\u00e3o da a\u00e7\u00e3o penal<\/strong>. \u00c9 neste momento que o Minist\u00e9rio P\u00fablico e as defesas poder\u00e3o:<\/p>\n\n\n\n<ul class=\"wp-block-list\">\n<li>apresentar provas;<\/li>\n\n\n\n<li>pedir dilig\u00eancias;<\/li>\n\n\n\n<li>convocar testemunhas;<\/li>\n\n\n\n<li>debater as teses das defesas e da acusa\u00e7\u00e3o; e<\/li>\n\n\n\n<li>realizar todos os atos processuais previstos na legisla\u00e7\u00e3o.<\/li>\n<\/ul>\n\n\n\n<p>Ao final dessa etapa, o STF far\u00e1 o julgamento do m\u00e9rito:&nbsp;decidir\u00e1 se os r\u00e9us devem ser condenados ou absolvidos.<\/p>\n\n\n\n<p>A data de julgamento depende da quantidade de dilig\u00eancias, oitivas e recursos apresentados. Caber\u00e1 ao Supremo condenar ou absolver o grupo.&nbsp;Se houver absolvi\u00e7\u00e3o, o caso \u00e9 arquivado e nenhuma puni\u00e7\u00e3o \u00e9 aplicada.<\/p>\n\n\n\n<p>Caso sejam condenados,&nbsp;os r\u00e9us poder\u00e3o ter&nbsp;<strong>penas de pris\u00e3o que variam<\/strong>&nbsp;a depender do crime imputado \u2014 como tentativa de golpe de Estado, aboli\u00e7\u00e3o violenta do Estado Democr\u00e1tico de Direito, organiza\u00e7\u00e3o criminosa e dano qualificado.<\/p>\n","protected":false},"excerpt":{"rendered":"<p>A Primeira Turma do Supremo Tribunal Federal (STF) decidiu pelo acolhimento, por unanimidade, da den\u00fancia oferecida pela Procuradoria-Geral da Rep\u00fablica<\/p>\n","protected":false},"author":5,"featured_media":16161,"comment_status":"open","ping_status":"closed","sticky":false,"template":"","format":"standard","meta":{"colormag_page_container_layout":"default_layout","colormag_page_sidebar_layout":"default_layout","footnotes":""},"categories":[8],"tags":[],"class_list":["post-16160","post","type-post","status-publish","format-standard","has-post-thumbnail","hentry","category-brasil"],"_links":{"self":[{"href":"https:\/\/itapicurufm.com.br\/index.php\/wp-json\/wp\/v2\/posts\/16160","targetHints":{"allow":["GET"]}}],"collection":[{"href":"https:\/\/itapicurufm.com.br\/index.php\/wp-json\/wp\/v2\/posts"}],"about":[{"href":"https:\/\/itapicurufm.com.br\/index.php\/wp-json\/wp\/v2\/types\/post"}],"author":[{"embeddable":true,"href":"https:\/\/itapicurufm.com.br\/index.php\/wp-json\/wp\/v2\/users\/5"}],"replies":[{"embeddable":true,"href":"https:\/\/itapicurufm.com.br\/index.php\/wp-json\/wp\/v2\/comments?post=16160"}],"version-history":[{"count":1,"href":"https:\/\/itapicurufm.com.br\/index.php\/wp-json\/wp\/v2\/posts\/16160\/revisions"}],"predecessor-version":[{"id":16162,"href":"https:\/\/itapicurufm.com.br\/index.php\/wp-json\/wp\/v2\/posts\/16160\/revisions\/16162"}],"wp:featuredmedia":[{"embeddable":true,"href":"https:\/\/itapicurufm.com.br\/index.php\/wp-json\/wp\/v2\/media\/16161"}],"wp:attachment":[{"href":"https:\/\/itapicurufm.com.br\/index.php\/wp-json\/wp\/v2\/media?parent=16160"}],"wp:term":[{"taxonomy":"category","embeddable":true,"href":"https:\/\/itapicurufm.com.br\/index.php\/wp-json\/wp\/v2\/categories?post=16160"},{"taxonomy":"post_tag","embeddable":true,"href":"https:\/\/itapicurufm.com.br\/index.php\/wp-json\/wp\/v2\/tags?post=16160"}],"curies":[{"name":"wp","href":"https:\/\/api.w.org\/{rel}","templated":true}]}}