{"id":15517,"date":"2024-08-21T22:18:45","date_gmt":"2024-08-22T01:18:45","guid":{"rendered":"https:\/\/itapicurufm.com.br\/?p=15517"},"modified":"2024-08-21T22:18:47","modified_gmt":"2024-08-22T01:18:47","slug":"candidaturas-na-bahia-caem-mais-de-16-e-chegam-a-menor-patamar-desde-2008","status":"publish","type":"post","link":"https:\/\/itapicurufm.com.br\/index.php\/2024\/08\/21\/candidaturas-na-bahia-caem-mais-de-16-e-chegam-a-menor-patamar-desde-2008\/","title":{"rendered":"Candidaturas na Bahia caem mais de 16% e chegam a menor patamar desde 2008"},"content":{"rendered":"\n<p>Por&nbsp;Leonardo Almeida<\/p>\n\n\n\n<h2 class=\"wp-block-heading\" id=\"flourish-header-title\">Evolu\u00e7\u00e3o das candidaturas na Bahia<\/h2>\n\n\n\n<h3 class=\"wp-block-heading\" id=\"flourish-header-subtitle\">Dados do Tribunal Superior Eleitoral (TSE)<\/h3>\n\n\n\n<p><strong>AS MUDAN\u00c7AS NAS CANDIDATURAS<\/strong><\/p>\n\n\n\n<p><strong>1: A limita\u00e7\u00e3o de candidaturas<\/strong><\/p>\n\n\n\n<p><strong>A Lei 14.211\/2021, que alterou o C\u00f3digo Eleitoral e a Lei das Elei\u00e7\u00f5es (Lei 9.504\/97), reduziu o limite de candidaturas que um partido pol\u00edtico poder\u00e1 registrar nas elei\u00e7\u00f5es proporcionais do pr\u00f3ximo ano. O n\u00famero de registros de candidaturas &nbsp;agora \u00e9 igual a 100% +1 das vagas a preencher na C\u00e2mara de Vereadores da cidade. Antes o limite era de 150% a 200% das vagas em determinados casos.<\/strong><\/p>\n\n\n\n<p><strong>Por exemplo, em Salvador h\u00e1 43 cadeiras na C\u00e2mara Municipal. Assim, cada partido s\u00f3 poder\u00e1 lan\u00e7ar 44 candidatos (43 espa\u00e7os dispon\u00edveis +1 no caso de Salvador).<\/strong><\/p>\n\n\n\n<p><strong>2: Federa\u00e7\u00f5es partid\u00e1rias<br>A cria\u00e7\u00e3o das federa\u00e7\u00f5es \u00e9 outra mudan\u00e7a significativa. Introduzida na Lei dos<\/strong> <strong>Partidos Pol\u00edticos, por meio da Lei n. 14.208\/2021, a federa\u00e7\u00e3o tem estatuto pr\u00f3prio e os mesmos direitos e deveres de um partido. Em Salvador temos, por exemplo, a Federa\u00e7\u00e3o Brasil da Esperan\u00e7a (PT, PCdoB e PV), Psol-Rede e PSDB-Solidariedade.<\/strong><\/p>\n\n\n\n<p><strong>Como diz a legisla\u00e7\u00e3o, apesar das federa\u00e7\u00f5es terem dois, tr\u00eas partidos, elas devem se comportar como um s\u00f3. Logo, para as elei\u00e7\u00f5es em Salvador, a Federa\u00e7\u00e3o Brasil da Esperan\u00e7a, por exemplo, tem que lan\u00e7ar, no m\u00e1ximo, 44 candidatos \u00e0 C\u00e2mara.<\/strong><\/p>\n\n\n","protected":false},"excerpt":{"rendered":"<p>Por&nbsp;Leonardo Almeida Evolu\u00e7\u00e3o das candidaturas na Bahia Dados do Tribunal Superior Eleitoral (TSE) AS MUDAN\u00c7AS NAS CANDIDATURAS 1: A limita\u00e7\u00e3o<\/p>\n","protected":false},"author":5,"featured_media":15518,"comment_status":"open","ping_status":"closed","sticky":false,"template":"","format":"standard","meta":{"colormag_page_container_layout":"default_layout","colormag_page_sidebar_layout":"default_layout","footnotes":""},"categories":[1],"tags":[],"class_list":["post-15517","post","type-post","status-publish","format-standard","has-post-thumbnail","hentry","category-geral"],"_links":{"self":[{"href":"https:\/\/itapicurufm.com.br\/index.php\/wp-json\/wp\/v2\/posts\/15517","targetHints":{"allow":["GET"]}}],"collection":[{"href":"https:\/\/itapicurufm.com.br\/index.php\/wp-json\/wp\/v2\/posts"}],"about":[{"href":"https:\/\/itapicurufm.com.br\/index.php\/wp-json\/wp\/v2\/types\/post"}],"author":[{"embeddable":true,"href":"https:\/\/itapicurufm.com.br\/index.php\/wp-json\/wp\/v2\/users\/5"}],"replies":[{"embeddable":true,"href":"https:\/\/itapicurufm.com.br\/index.php\/wp-json\/wp\/v2\/comments?post=15517"}],"version-history":[{"count":1,"href":"https:\/\/itapicurufm.com.br\/index.php\/wp-json\/wp\/v2\/posts\/15517\/revisions"}],"predecessor-version":[{"id":15519,"href":"https:\/\/itapicurufm.com.br\/index.php\/wp-json\/wp\/v2\/posts\/15517\/revisions\/15519"}],"wp:featuredmedia":[{"embeddable":true,"href":"https:\/\/itapicurufm.com.br\/index.php\/wp-json\/wp\/v2\/media\/15518"}],"wp:attachment":[{"href":"https:\/\/itapicurufm.com.br\/index.php\/wp-json\/wp\/v2\/media?parent=15517"}],"wp:term":[{"taxonomy":"category","embeddable":true,"href":"https:\/\/itapicurufm.com.br\/index.php\/wp-json\/wp\/v2\/categories?post=15517"},{"taxonomy":"post_tag","embeddable":true,"href":"https:\/\/itapicurufm.com.br\/index.php\/wp-json\/wp\/v2\/tags?post=15517"}],"curies":[{"name":"wp","href":"https:\/\/api.w.org\/{rel}","templated":true}]}}