{"id":1486,"date":"2020-06-23T09:02:17","date_gmt":"2020-06-23T12:02:17","guid":{"rendered":"http:\/\/itapicurufm.com.br\/?p=1486"},"modified":"2020-06-23T09:02:19","modified_gmt":"2020-06-23T12:02:19","slug":"valente-tem-numero-recorde-em-um-so-dia-e-chega-a-148-casos-confirmados","status":"publish","type":"post","link":"https:\/\/itapicurufm.com.br\/index.php\/2020\/06\/23\/valente-tem-numero-recorde-em-um-so-dia-e-chega-a-148-casos-confirmados\/","title":{"rendered":"Valente tem n\u00famero recorde em um s\u00f3 dia e chega a 148 casos confirmados"},"content":{"rendered":"\n<p>O Munic\u00edpio de Valente vinha de uma semana razoavelmente bem no que se refere aos casos de pessoas recuperadas pela Covid-19, entrando na casa dos 90, quando tinha pouco mais de 120 casos, de certo modo dava esperan\u00e7a a popula\u00e7\u00e3o e as equipes de sa\u00fade que v\u00eam atuando diretamente na possibilidade de fazer o controle da doen\u00e7a, achatar a curva, chegou a ter no dia 19, 127 casos, 94 recuperados e 29 casos ativos, sendo que dois deles hospitalizados e 27 em isolamento domiciliar.<\/p>\n\n\n\n<p>Mas nesta segunda foi realizado v\u00e1rios testes r\u00e1pidos, 38 descartados e 21 pessoas foram confirmadas o diagn\u00f3stico de Covid-19, dando um salto para 148. Tiveram 04 novas recupera\u00e7\u00f5es totalizou 98, subindo para 46 casos ativos e mantidos dois hospitalizados. Lembrando que 04 \u00f3bitos j\u00e1 foram registrados.<\/p>\n","protected":false},"excerpt":{"rendered":"<p>O Munic\u00edpio de Valente vinha de uma semana razoavelmente bem no que se refere aos casos de pessoas recuperadas pela<\/p>\n","protected":false},"author":4,"featured_media":1487,"comment_status":"open","ping_status":"closed","sticky":false,"template":"","format":"standard","meta":{"colormag_page_container_layout":"default_layout","colormag_page_sidebar_layout":"default_layout","footnotes":""},"categories":[4],"tags":[],"class_list":["post-1486","post","type-post","status-publish","format-standard","has-post-thumbnail","hentry","category-regiao"],"_links":{"self":[{"href":"https:\/\/itapicurufm.com.br\/index.php\/wp-json\/wp\/v2\/posts\/1486","targetHints":{"allow":["GET"]}}],"collection":[{"href":"https:\/\/itapicurufm.com.br\/index.php\/wp-json\/wp\/v2\/posts"}],"about":[{"href":"https:\/\/itapicurufm.com.br\/index.php\/wp-json\/wp\/v2\/types\/post"}],"author":[{"embeddable":true,"href":"https:\/\/itapicurufm.com.br\/index.php\/wp-json\/wp\/v2\/users\/4"}],"replies":[{"embeddable":true,"href":"https:\/\/itapicurufm.com.br\/index.php\/wp-json\/wp\/v2\/comments?post=1486"}],"version-history":[{"count":1,"href":"https:\/\/itapicurufm.com.br\/index.php\/wp-json\/wp\/v2\/posts\/1486\/revisions"}],"predecessor-version":[{"id":1488,"href":"https:\/\/itapicurufm.com.br\/index.php\/wp-json\/wp\/v2\/posts\/1486\/revisions\/1488"}],"wp:featuredmedia":[{"embeddable":true,"href":"https:\/\/itapicurufm.com.br\/index.php\/wp-json\/wp\/v2\/media\/1487"}],"wp:attachment":[{"href":"https:\/\/itapicurufm.com.br\/index.php\/wp-json\/wp\/v2\/media?parent=1486"}],"wp:term":[{"taxonomy":"category","embeddable":true,"href":"https:\/\/itapicurufm.com.br\/index.php\/wp-json\/wp\/v2\/categories?post=1486"},{"taxonomy":"post_tag","embeddable":true,"href":"https:\/\/itapicurufm.com.br\/index.php\/wp-json\/wp\/v2\/tags?post=1486"}],"curies":[{"name":"wp","href":"https:\/\/api.w.org\/{rel}","templated":true}]}}