{"id":14581,"date":"2023-10-17T07:21:55","date_gmt":"2023-10-17T10:21:55","guid":{"rendered":"https:\/\/itapicurufm.com.br\/?p=14581"},"modified":"2023-10-17T07:21:58","modified_gmt":"2023-10-17T10:21:58","slug":"ponto-novo-iniciadas-as-obras-do-calcadao-da-rua-bela-vista","status":"publish","type":"post","link":"https:\/\/itapicurufm.com.br\/index.php\/2023\/10\/17\/ponto-novo-iniciadas-as-obras-do-calcadao-da-rua-bela-vista\/","title":{"rendered":"Ponto Novo: Iniciadas as obras do Cal\u00e7ad\u00e3o da Rua Bela Vista"},"content":{"rendered":"\n<p><\/p>\n\n\n\n<p>Ap\u00f3s d\u00e9cadas de espera, a cidade de Ponto Novo est\u00e1 finalmente experimentando um renascimento. A gest\u00e3o &#8220;Mudan\u00e7a e Renova\u00e7\u00e3o&#8221; prometeu trazer moderniza\u00e7\u00e3o \u00e0 cidade, e est\u00e1 cumprindo sua palavra. Ap\u00f3s a conclus\u00e3o da grandiosa obra da Pra\u00e7a Nelson Maia, um novo cap\u00edtulo na transforma\u00e7\u00e3o da cidade come\u00e7ou com o in\u00edcio das obras do t\u00e3o aguardado Cal\u00e7ad\u00e3o da Bela Vista. Essa moderniza\u00e7\u00e3o est\u00e1 prestes a trazer um novo ponto comercial para Ponto Novo e promete beneficiar grandemente seus mun\u00edcipes. Com um investimento de cerca de 200 mil reais de recursos pr\u00f3prios do munic\u00edpio, o prefeito Thiago Gilleno enfatizou a import\u00e2ncia desse projeto para o futuro da cidade.<br>\u201cO Cal\u00e7ad\u00e3o da Bela Vista \u00e9 mais do que apenas uma obra de infraestrutura; \u00e9 uma promessa realizada para a comunidade de Ponto Novo. Localizado em uma das \u00e1reas mais emblem\u00e1ticas da cidade, este projeto de moderniza\u00e7\u00e3o visa n\u00e3o apenas transformar o cen\u00e1rio urbano, mas tamb\u00e9m revitalizar a economia local.\u201d<\/p>\n\n\n\n<figure class=\"wp-block-image size-full\"><img loading=\"lazy\" decoding=\"async\" width=\"1000\" height=\"563\" src=\"https:\/\/itapicurufm.com.br\/wp-content\/uploads\/2023\/10\/1.jpg\" alt=\"\" class=\"wp-image-14582\" srcset=\"https:\/\/itapicurufm.com.br\/wp-content\/uploads\/2023\/10\/1.jpg 1000w, https:\/\/itapicurufm.com.br\/wp-content\/uploads\/2023\/10\/1-300x169.jpg 300w, https:\/\/itapicurufm.com.br\/wp-content\/uploads\/2023\/10\/1-768x432.jpg 768w\" sizes=\"auto, (max-width: 1000px) 100vw, 1000px\" \/><\/figure>\n\n\n\n<p>A moderniza\u00e7\u00e3o do Cal\u00e7ad\u00e3o trar\u00e1 uma s\u00e9rie de benef\u00edcios para os residentes de Ponto Novo. Entre eles, destacam-se:<\/p>\n\n\n\n<ol class=\"wp-block-list\"><li><em>Novos Empregos:<\/em> A constru\u00e7\u00e3o do Cal\u00e7ad\u00e3o e a futura opera\u00e7\u00e3o dos neg\u00f3cios que se estabelecer\u00e3o ali criar\u00e3o empregos para os moradores locais.<\/li><li><em>Desenvolvimento Econ\u00f4mico:<\/em> A presen\u00e7a de novos com\u00e9rcios e lojas atrair\u00e1 mais visitantes e estimular\u00e1 o desenvolvimento econ\u00f4mico da cidade.<\/li><li><em>Melhoria da Infraestrutura:<\/em> A moderniza\u00e7\u00e3o n\u00e3o se limita ao aspecto comercial. Tamb\u00e9m envolve melhorias na infraestrutura, incluindo cal\u00e7adas, ilumina\u00e7\u00e3o e acessibilidade.<\/li><li><em>Fomento ao Turismo:<\/em> Com um novo ponto comercial atraente, a cidade poder\u00e1 atrair turistas e aumentar seu apelo como destino.<\/li><\/ol>\n\n\n\n<figure class=\"wp-block-image size-full\"><img loading=\"lazy\" decoding=\"async\" width=\"1000\" height=\"563\" src=\"https:\/\/itapicurufm.com.br\/wp-content\/uploads\/2023\/10\/2.jpg\" alt=\"\" class=\"wp-image-14583\" srcset=\"https:\/\/itapicurufm.com.br\/wp-content\/uploads\/2023\/10\/2.jpg 1000w, https:\/\/itapicurufm.com.br\/wp-content\/uploads\/2023\/10\/2-300x169.jpg 300w, https:\/\/itapicurufm.com.br\/wp-content\/uploads\/2023\/10\/2-768x432.jpg 768w\" sizes=\"auto, (max-width: 1000px) 100vw, 1000px\" \/><\/figure>\n\n\n\n<p><em>Investimento Local:<\/em><\/p>\n\n\n\n<p>\u00c9 importante ressaltar que os cerca de 200 mil reais investidos nesse projeto s\u00e3o recursos pr\u00f3prios do munic\u00edpio, demonstrando o compromisso da gest\u00e3o com o desenvolvimento local.<\/p>\n\n\n\n<p><em>Conclus\u00e3o:<\/em><\/p>\n\n\n\n<p>A moderniza\u00e7\u00e3o do Cal\u00e7ad\u00e3o da Bela Vista \u00e9 um marco na hist\u00f3ria de Ponto Novo, representando uma promessa cumprida e um passo em dire\u00e7\u00e3o a um futuro mais pr\u00f3spero e vibrante para a cidade e seus mun\u00edcipes. A gest\u00e3o &#8220;Mudan\u00e7a e Renova\u00e7\u00e3o&#8221; est\u00e1 determinada a continuar investindo no desenvolvimento da cidade, tornando-a um lugar melhor para se viver e visitar.<\/p>\n\n\n\n<p><\/p>\n\n\n\n<figure class=\"wp-block-image size-full\"><img loading=\"lazy\" decoding=\"async\" width=\"1000\" height=\"563\" src=\"https:\/\/itapicurufm.com.br\/wp-content\/uploads\/2023\/10\/3.jpg\" alt=\"\" class=\"wp-image-14584\" srcset=\"https:\/\/itapicurufm.com.br\/wp-content\/uploads\/2023\/10\/3.jpg 1000w, https:\/\/itapicurufm.com.br\/wp-content\/uploads\/2023\/10\/3-300x169.jpg 300w, https:\/\/itapicurufm.com.br\/wp-content\/uploads\/2023\/10\/3-768x432.jpg 768w\" sizes=\"auto, (max-width: 1000px) 100vw, 1000px\" \/><\/figure>\n\n\n\n<figure class=\"wp-block-image size-full\"><img loading=\"lazy\" decoding=\"async\" width=\"1000\" height=\"563\" src=\"https:\/\/itapicurufm.com.br\/wp-content\/uploads\/2023\/10\/4.jpg\" alt=\"\" class=\"wp-image-14585\" srcset=\"https:\/\/itapicurufm.com.br\/wp-content\/uploads\/2023\/10\/4.jpg 1000w, https:\/\/itapicurufm.com.br\/wp-content\/uploads\/2023\/10\/4-300x169.jpg 300w, https:\/\/itapicurufm.com.br\/wp-content\/uploads\/2023\/10\/4-768x432.jpg 768w\" sizes=\"auto, (max-width: 1000px) 100vw, 1000px\" \/><\/figure>\n\n\n\n<figure class=\"wp-block-image size-large\"><img loading=\"lazy\" decoding=\"async\" width=\"1024\" height=\"576\" src=\"https:\/\/itapicurufm.com.br\/wp-content\/uploads\/2023\/10\/5-1024x576.jpg\" alt=\"\" class=\"wp-image-14586\" srcset=\"https:\/\/itapicurufm.com.br\/wp-content\/uploads\/2023\/10\/5-1024x576.jpg 1024w, https:\/\/itapicurufm.com.br\/wp-content\/uploads\/2023\/10\/5-300x169.jpg 300w, https:\/\/itapicurufm.com.br\/wp-content\/uploads\/2023\/10\/5-768x432.jpg 768w, https:\/\/itapicurufm.com.br\/wp-content\/uploads\/2023\/10\/5-1536x864.jpg 1536w, https:\/\/itapicurufm.com.br\/wp-content\/uploads\/2023\/10\/5.jpg 1600w\" sizes=\"auto, (max-width: 1024px) 100vw, 1024px\" \/><\/figure>\n","protected":false},"excerpt":{"rendered":"<p>Ap\u00f3s d\u00e9cadas de espera, a cidade de Ponto Novo est\u00e1 finalmente experimentando um renascimento. A gest\u00e3o &#8220;Mudan\u00e7a e Renova\u00e7\u00e3o&#8221; prometeu<\/p>\n","protected":false},"author":5,"featured_media":14587,"comment_status":"open","ping_status":"closed","sticky":false,"template":"","format":"standard","meta":{"colormag_page_container_layout":"default_layout","colormag_page_sidebar_layout":"default_layout","footnotes":""},"categories":[3],"tags":[],"class_list":["post-14581","post","type-post","status-publish","format-standard","has-post-thumbnail","hentry","category-pontonovo"],"_links":{"self":[{"href":"https:\/\/itapicurufm.com.br\/index.php\/wp-json\/wp\/v2\/posts\/14581","targetHints":{"allow":["GET"]}}],"collection":[{"href":"https:\/\/itapicurufm.com.br\/index.php\/wp-json\/wp\/v2\/posts"}],"about":[{"href":"https:\/\/itapicurufm.com.br\/index.php\/wp-json\/wp\/v2\/types\/post"}],"author":[{"embeddable":true,"href":"https:\/\/itapicurufm.com.br\/index.php\/wp-json\/wp\/v2\/users\/5"}],"replies":[{"embeddable":true,"href":"https:\/\/itapicurufm.com.br\/index.php\/wp-json\/wp\/v2\/comments?post=14581"}],"version-history":[{"count":1,"href":"https:\/\/itapicurufm.com.br\/index.php\/wp-json\/wp\/v2\/posts\/14581\/revisions"}],"predecessor-version":[{"id":14588,"href":"https:\/\/itapicurufm.com.br\/index.php\/wp-json\/wp\/v2\/posts\/14581\/revisions\/14588"}],"wp:featuredmedia":[{"embeddable":true,"href":"https:\/\/itapicurufm.com.br\/index.php\/wp-json\/wp\/v2\/media\/14587"}],"wp:attachment":[{"href":"https:\/\/itapicurufm.com.br\/index.php\/wp-json\/wp\/v2\/media?parent=14581"}],"wp:term":[{"taxonomy":"category","embeddable":true,"href":"https:\/\/itapicurufm.com.br\/index.php\/wp-json\/wp\/v2\/categories?post=14581"},{"taxonomy":"post_tag","embeddable":true,"href":"https:\/\/itapicurufm.com.br\/index.php\/wp-json\/wp\/v2\/tags?post=14581"}],"curies":[{"name":"wp","href":"https:\/\/api.w.org\/{rel}","templated":true}]}}