{"id":14442,"date":"2023-09-06T21:48:48","date_gmt":"2023-09-07T00:48:48","guid":{"rendered":"https:\/\/itapicurufm.com.br\/?p=14442"},"modified":"2023-09-06T21:48:49","modified_gmt":"2023-09-07T00:48:49","slug":"projeto-de-lei-preve-volta-dos-parcelamentos-de-dividas-do-fies","status":"publish","type":"post","link":"https:\/\/itapicurufm.com.br\/index.php\/2023\/09\/06\/projeto-de-lei-preve-volta-dos-parcelamentos-de-dividas-do-fies\/","title":{"rendered":"Projeto de lei prev\u00ea volta dos parcelamentos de d\u00edvidas do Fies"},"content":{"rendered":"\n<p>Estudantes que t\u00eam d\u00edvidas do Fundo de Financiamento Estudantil (Fies) poder\u00e3o contar com parcelamentos especiais. A medida est\u00e1 em projeto de lei que foi aprovado na C\u00e2mara dos Deputados e que agora segue para an\u00e1lise no Senado Federal. O projeto tamb\u00e9m fixa um teto para os aportes feitos pelas institui\u00e7\u00f5es privadas de ensino que t\u00eam alunos beneficiados pelo programa.&nbsp;&nbsp;<\/p>\n\n\n\n<p>O projeto de lei estabelece a reabertura de parcelamento das d\u00edvidas com as mesmas condi\u00e7\u00f5es estipuladas na legisla\u00e7\u00e3o para aqueles que estavam devendo em 30 de dezembro de 2021. A proposta \u00e9 que a nova data de refer\u00eancia seja 30 de junho de 2023.\u00a0<\/p>\n\n\n\n<p><strong>Fonte:\u00a0<\/strong>Ag\u00eancia Brasil<\/p>\n","protected":false},"excerpt":{"rendered":"<p>Estudantes que t\u00eam d\u00edvidas do Fundo de Financiamento Estudantil (Fies) poder\u00e3o contar com parcelamentos especiais. A medida est\u00e1 em projeto<\/p>\n","protected":false},"author":5,"featured_media":14443,"comment_status":"open","ping_status":"closed","sticky":false,"template":"","format":"standard","meta":{"colormag_page_container_layout":"default_layout","colormag_page_sidebar_layout":"default_layout","footnotes":""},"categories":[1],"tags":[],"class_list":["post-14442","post","type-post","status-publish","format-standard","has-post-thumbnail","hentry","category-geral"],"_links":{"self":[{"href":"https:\/\/itapicurufm.com.br\/index.php\/wp-json\/wp\/v2\/posts\/14442","targetHints":{"allow":["GET"]}}],"collection":[{"href":"https:\/\/itapicurufm.com.br\/index.php\/wp-json\/wp\/v2\/posts"}],"about":[{"href":"https:\/\/itapicurufm.com.br\/index.php\/wp-json\/wp\/v2\/types\/post"}],"author":[{"embeddable":true,"href":"https:\/\/itapicurufm.com.br\/index.php\/wp-json\/wp\/v2\/users\/5"}],"replies":[{"embeddable":true,"href":"https:\/\/itapicurufm.com.br\/index.php\/wp-json\/wp\/v2\/comments?post=14442"}],"version-history":[{"count":1,"href":"https:\/\/itapicurufm.com.br\/index.php\/wp-json\/wp\/v2\/posts\/14442\/revisions"}],"predecessor-version":[{"id":14444,"href":"https:\/\/itapicurufm.com.br\/index.php\/wp-json\/wp\/v2\/posts\/14442\/revisions\/14444"}],"wp:featuredmedia":[{"embeddable":true,"href":"https:\/\/itapicurufm.com.br\/index.php\/wp-json\/wp\/v2\/media\/14443"}],"wp:attachment":[{"href":"https:\/\/itapicurufm.com.br\/index.php\/wp-json\/wp\/v2\/media?parent=14442"}],"wp:term":[{"taxonomy":"category","embeddable":true,"href":"https:\/\/itapicurufm.com.br\/index.php\/wp-json\/wp\/v2\/categories?post=14442"},{"taxonomy":"post_tag","embeddable":true,"href":"https:\/\/itapicurufm.com.br\/index.php\/wp-json\/wp\/v2\/tags?post=14442"}],"curies":[{"name":"wp","href":"https:\/\/api.w.org\/{rel}","templated":true}]}}