{"id":14179,"date":"2023-07-20T09:08:18","date_gmt":"2023-07-20T12:08:18","guid":{"rendered":"https:\/\/itapicurufm.com.br\/?p=14179"},"modified":"2023-07-20T09:08:20","modified_gmt":"2023-07-20T12:08:20","slug":"ponto-novo-recebe-reconhecimento-nacional-por-suas-experiencias-exitosas-em-saude-publica","status":"publish","type":"post","link":"https:\/\/itapicurufm.com.br\/index.php\/2023\/07\/20\/ponto-novo-recebe-reconhecimento-nacional-por-suas-experiencias-exitosas-em-saude-publica\/","title":{"rendered":"Ponto Novo Recebe Reconhecimento Nacional por suas Experi\u00eancias Exitosas em Sa\u00fade P\u00fablica"},"content":{"rendered":"\n<p><\/p>\n\n\n\n<p>Entre os dias 16 a 19 de julho de 2023, o munic\u00edpio de Ponto Novo brilhou no cen\u00e1rio nacional mais uma vez, ao apresentar suas experi\u00eancias exitosas na Assist\u00eancia Farmac\u00eautica e Vigil\u00e2ncia Epidemiol\u00f3gica durante o Congresso Nacional das Secretarias Municipais de Sa\u00fade. O evento, que reuniu um impressionante p\u00fablico de 11.056 pessoas representando os 5.570 munic\u00edpios do Brasil, foi realizado em Goi\u00e2nia, Goi\u00e1s, sendo aclamado como o maior congresso de sa\u00fade p\u00fablica do mundo.<\/p>\n\n\n\n<p>Ponto Novo se tornou o destaque pelo segundo ano consecutivo, reafirmando sua posi\u00e7\u00e3o como refer\u00eancia em boas pr\u00e1ticas de sa\u00fade p\u00fablica no pa\u00eds. O munic\u00edpio atraiu a aten\u00e7\u00e3o e admira\u00e7\u00e3o dos participantes ao apresentar suas iniciativas bem-sucedidas em duas \u00e1reas fundamentais da sa\u00fade: a Assist\u00eancia Farmac\u00eautica e a Vigil\u00e2ncia Epidemiol\u00f3gica.<\/p>\n\n\n\n<figure class=\"wp-block-image size-large\"><img loading=\"lazy\" decoding=\"async\" width=\"576\" height=\"1024\" src=\"https:\/\/itapicurufm.com.br\/wp-content\/uploads\/2023\/07\/3-576x1024.jpg\" alt=\"\" class=\"wp-image-14181\" srcset=\"https:\/\/itapicurufm.com.br\/wp-content\/uploads\/2023\/07\/3-576x1024.jpg 576w, https:\/\/itapicurufm.com.br\/wp-content\/uploads\/2023\/07\/3-169x300.jpg 169w, https:\/\/itapicurufm.com.br\/wp-content\/uploads\/2023\/07\/3.jpg 720w\" sizes=\"auto, (max-width: 576px) 100vw, 576px\" \/><\/figure>\n\n\n\n<p>As diretoras respons\u00e1veis pelas conquistas, V\u00e2nia Reis e Juliana Azevedo, enfatizaram a import\u00e2ncia do apoio e das condi\u00e7\u00f5es de trabalho para alcan\u00e7ar resultados t\u00e3o significativos. Elas expressaram sua gratid\u00e3o ao prefeito Thiago Gilleno, cujo compromisso com a melhoria da sa\u00fade p\u00fablica foi fundamental para a concretiza\u00e7\u00e3o desses avan\u00e7os. Al\u00e9m disso, destacaram o papel da Secret\u00e1ria de Sa\u00fade, Kellyn Duanny, e de toda a equipe do munic\u00edpio, que trabalhou incansavelmente para tornar essas conquistas poss\u00edveis.<\/p>\n\n\n\n<figure class=\"wp-block-image size-large\"><img loading=\"lazy\" decoding=\"async\" width=\"576\" height=\"1024\" src=\"https:\/\/itapicurufm.com.br\/wp-content\/uploads\/2023\/07\/2-576x1024.jpg\" alt=\"\" class=\"wp-image-14180\" srcset=\"https:\/\/itapicurufm.com.br\/wp-content\/uploads\/2023\/07\/2-576x1024.jpg 576w, https:\/\/itapicurufm.com.br\/wp-content\/uploads\/2023\/07\/2-169x300.jpg 169w, https:\/\/itapicurufm.com.br\/wp-content\/uploads\/2023\/07\/2.jpg 720w\" sizes=\"auto, (max-width: 576px) 100vw, 576px\" \/><\/figure>\n\n\n\n<p>O reconhecimento nacional recebido por Ponto Novo n\u00e3o apenas coloca o munic\u00edpio no mapa das melhores pr\u00e1ticas em sa\u00fade, mas tamb\u00e9m fortalece o compromisso das autoridades e profissionais da \u00e1rea com o bem-estar da popula\u00e7\u00e3o. Atrav\u00e9s de estrat\u00e9gias inovadoras e dedicadas, o munic\u00edpio alcan\u00e7ou excelentes resultados, servindo de inspira\u00e7\u00e3o para outras localidades em todo o pa\u00eds.<\/p>\n\n\n\n<p>Prefeitura de Ponto Novo<br>Governo Mudan\u00e7a e Renova\u00e7\u00e3o&nbsp;<br>Ascom<\/p>\n","protected":false},"excerpt":{"rendered":"<p>Entre os dias 16 a 19 de julho de 2023, o munic\u00edpio de Ponto Novo brilhou no cen\u00e1rio nacional mais<\/p>\n","protected":false},"author":5,"featured_media":14182,"comment_status":"open","ping_status":"closed","sticky":false,"template":"","format":"standard","meta":{"colormag_page_container_layout":"default_layout","colormag_page_sidebar_layout":"default_layout","footnotes":""},"categories":[3],"tags":[],"class_list":["post-14179","post","type-post","status-publish","format-standard","has-post-thumbnail","hentry","category-pontonovo"],"_links":{"self":[{"href":"https:\/\/itapicurufm.com.br\/index.php\/wp-json\/wp\/v2\/posts\/14179","targetHints":{"allow":["GET"]}}],"collection":[{"href":"https:\/\/itapicurufm.com.br\/index.php\/wp-json\/wp\/v2\/posts"}],"about":[{"href":"https:\/\/itapicurufm.com.br\/index.php\/wp-json\/wp\/v2\/types\/post"}],"author":[{"embeddable":true,"href":"https:\/\/itapicurufm.com.br\/index.php\/wp-json\/wp\/v2\/users\/5"}],"replies":[{"embeddable":true,"href":"https:\/\/itapicurufm.com.br\/index.php\/wp-json\/wp\/v2\/comments?post=14179"}],"version-history":[{"count":1,"href":"https:\/\/itapicurufm.com.br\/index.php\/wp-json\/wp\/v2\/posts\/14179\/revisions"}],"predecessor-version":[{"id":14183,"href":"https:\/\/itapicurufm.com.br\/index.php\/wp-json\/wp\/v2\/posts\/14179\/revisions\/14183"}],"wp:featuredmedia":[{"embeddable":true,"href":"https:\/\/itapicurufm.com.br\/index.php\/wp-json\/wp\/v2\/media\/14182"}],"wp:attachment":[{"href":"https:\/\/itapicurufm.com.br\/index.php\/wp-json\/wp\/v2\/media?parent=14179"}],"wp:term":[{"taxonomy":"category","embeddable":true,"href":"https:\/\/itapicurufm.com.br\/index.php\/wp-json\/wp\/v2\/categories?post=14179"},{"taxonomy":"post_tag","embeddable":true,"href":"https:\/\/itapicurufm.com.br\/index.php\/wp-json\/wp\/v2\/tags?post=14179"}],"curies":[{"name":"wp","href":"https:\/\/api.w.org\/{rel}","templated":true}]}}