{"id":13899,"date":"2023-05-23T15:58:57","date_gmt":"2023-05-23T18:58:57","guid":{"rendered":"https:\/\/itapicurufm.com.br\/?p=13899"},"modified":"2023-05-23T15:58:59","modified_gmt":"2023-05-23T18:58:59","slug":"ponto-novo-foi-lindo-foi-a-festa","status":"publish","type":"post","link":"https:\/\/itapicurufm.com.br\/index.php\/2023\/05\/23\/ponto-novo-foi-lindo-foi-a-festa\/","title":{"rendered":"Ponto Novo: foi lindo, foi \u201ca festa!\u201d"},"content":{"rendered":"\n<p><\/p>\n\n\n\n<p>Entre os dias 18 e 21 de maio aconteceu a \u201ctradicional festa de maio 2023\u201d agora rebatizada \u201cfestival de maio 2023\u201d.<\/p>\n\n\n\n<p>No dia 18, quinta feira a festa foi a inaugura\u00e7\u00e3o da primeira etapa da reconstru\u00e7\u00e3o da pra\u00e7a do com\u00e9rcio; agora sim, uma verdadeira pra\u00e7a embelezada ainda mais com a constru\u00e7\u00e3o da r\u00e9plica da barragem de Ponto Novo cuidadosamente feita pelas m\u00e3os m\u00e1gicas do paisagista goiano Robson Guimar\u00e3es. Agora a pra\u00e7a conta com piso intertravado decorativo, boxes de alimenta\u00e7\u00e3o e lanches, bancos e \u00e1rvores, al\u00e9m de bel\u00edssima ilumina\u00e7\u00e3o em LED. E para completar, a gest\u00e3o municipal presta homenagem ao primeiro prefeito de Ponto Novo, Nelson Maia dando-lhe o nome Pra\u00e7a Nelson Maia em presen\u00e7a dos familiares emocionados<\/p>\n\n\n\n<p>Os tr\u00eas dias seguintes(19, 20 e 21), a festa foi um espet\u00e1culo \u00e0 parte. Realizada com total sucesso no est\u00e1dio municipal. Ambiente com entrada monitorada por seguran\u00e7as, equipes da Pol\u00edcia Militar e da guarda municipal se encarregaram por uma festa tranquila e segura.<\/p>\n\n\n\n<p>Organiza\u00e7\u00e3o geral, impec\u00e1vel. em todos os sentidos<\/p>\n\n\n\n<p>As atra\u00e7\u00f5es art\u00edsticas foram escolhidas a dedo e receberam aprova\u00e7\u00e3o total. Cantores e bandas locais abriram os festejos di\u00e1rios cantando e encantando.<\/p>\n\n\n\n<p>E como n\u00e3o poderia faltar, no domingo o trio el\u00e9trico na avenida com Branquinho arrastou o povo<\/p>\n\n\n\n<p>E mais, Tayrone, Davi Lucca, Mirele e Lennon, Pablo, Magn\u00edficos, O Careca, Mambolada e Tarc\u00edsio do Acordeon, emocionaram e contagiaram a multid\u00e3o que lotou o est\u00e1dio. O povo s\u00f3 arredava o p\u00e9 ao clarear do dia.<\/p>\n","protected":false},"excerpt":{"rendered":"<p>Entre os dias 18 e 21 de maio aconteceu a \u201ctradicional festa de maio 2023\u201d agora rebatizada \u201cfestival de maio<\/p>\n","protected":false},"author":5,"featured_media":13900,"comment_status":"open","ping_status":"closed","sticky":false,"template":"","format":"standard","meta":{"colormag_page_container_layout":"default_layout","colormag_page_sidebar_layout":"default_layout","footnotes":""},"categories":[3],"tags":[],"class_list":["post-13899","post","type-post","status-publish","format-standard","has-post-thumbnail","hentry","category-pontonovo"],"_links":{"self":[{"href":"https:\/\/itapicurufm.com.br\/index.php\/wp-json\/wp\/v2\/posts\/13899","targetHints":{"allow":["GET"]}}],"collection":[{"href":"https:\/\/itapicurufm.com.br\/index.php\/wp-json\/wp\/v2\/posts"}],"about":[{"href":"https:\/\/itapicurufm.com.br\/index.php\/wp-json\/wp\/v2\/types\/post"}],"author":[{"embeddable":true,"href":"https:\/\/itapicurufm.com.br\/index.php\/wp-json\/wp\/v2\/users\/5"}],"replies":[{"embeddable":true,"href":"https:\/\/itapicurufm.com.br\/index.php\/wp-json\/wp\/v2\/comments?post=13899"}],"version-history":[{"count":1,"href":"https:\/\/itapicurufm.com.br\/index.php\/wp-json\/wp\/v2\/posts\/13899\/revisions"}],"predecessor-version":[{"id":13901,"href":"https:\/\/itapicurufm.com.br\/index.php\/wp-json\/wp\/v2\/posts\/13899\/revisions\/13901"}],"wp:featuredmedia":[{"embeddable":true,"href":"https:\/\/itapicurufm.com.br\/index.php\/wp-json\/wp\/v2\/media\/13900"}],"wp:attachment":[{"href":"https:\/\/itapicurufm.com.br\/index.php\/wp-json\/wp\/v2\/media?parent=13899"}],"wp:term":[{"taxonomy":"category","embeddable":true,"href":"https:\/\/itapicurufm.com.br\/index.php\/wp-json\/wp\/v2\/categories?post=13899"},{"taxonomy":"post_tag","embeddable":true,"href":"https:\/\/itapicurufm.com.br\/index.php\/wp-json\/wp\/v2\/tags?post=13899"}],"curies":[{"name":"wp","href":"https:\/\/api.w.org\/{rel}","templated":true}]}}