{"id":13259,"date":"2023-02-25T10:19:10","date_gmt":"2023-02-25T13:19:10","guid":{"rendered":"https:\/\/itapicurufm.com.br\/?p=13259"},"modified":"2023-02-25T10:29:05","modified_gmt":"2023-02-25T13:29:05","slug":"ponto-novo-samu-agora-em-nova-localizacao-e-sede-propria","status":"publish","type":"post","link":"https:\/\/itapicurufm.com.br\/index.php\/2023\/02\/25\/ponto-novo-samu-agora-em-nova-localizacao-e-sede-propria\/","title":{"rendered":"Ponto Novo: SAMU agora em nova localiza\u00e7\u00e3o e sede pr\u00f3pria"},"content":{"rendered":"\n<p>Mais uma a\u00e7\u00e3o de gest\u00e3o Mudan\u00e7a e Renova\u00e7\u00e3o do prefeito Thiago Gilleno, que foi implantada ontem, durante as comemora\u00e7\u00f5es dos 34 anos de emancipa\u00e7\u00e3o pol\u00edtica de Ponto Novo.<\/p>\n\n\n\n<p>A nova sede est\u00e1 localizada na Av Lomanto J\u00fanior, ao lado da nova secretaria de sa\u00fade.<\/p>\n\n\n\n<p>&#8220;\u00c9 mais uma importante obra de interesse para nosso povo, e quando o assunto \u00e9 sa\u00fade, n\u00e3o deixamos por menos, vamos avan\u00e7ando sempre mais&#8221;, disse o prefeito Thiago Gilleno<\/p>\n\n\n\n<p><\/p>\n\n\n\n<figure class=\"wp-block-image size-large\"><img loading=\"lazy\" decoding=\"async\" width=\"990\" height=\"1024\" src=\"https:\/\/itapicurufm.com.br\/wp-content\/uploads\/2023\/02\/samu-2-990x1024.jpeg\" alt=\"\" class=\"wp-image-13261\" srcset=\"https:\/\/itapicurufm.com.br\/wp-content\/uploads\/2023\/02\/samu-2-990x1024.jpeg 990w, https:\/\/itapicurufm.com.br\/wp-content\/uploads\/2023\/02\/samu-2-290x300.jpeg 290w, https:\/\/itapicurufm.com.br\/wp-content\/uploads\/2023\/02\/samu-2-768x794.jpeg 768w, https:\/\/itapicurufm.com.br\/wp-content\/uploads\/2023\/02\/samu-2.jpeg 1080w\" sizes=\"auto, (max-width: 990px) 100vw, 990px\" \/><\/figure>\n\n\n\n<p><\/p>\n\n\n\n<figure class=\"wp-block-image size-full\"><img loading=\"lazy\" decoding=\"async\" width=\"750\" height=\"421\" src=\"https:\/\/itapicurufm.com.br\/wp-content\/uploads\/2023\/02\/samu-1-1.jpeg\" alt=\"\" class=\"wp-image-13266\" srcset=\"https:\/\/itapicurufm.com.br\/wp-content\/uploads\/2023\/02\/samu-1-1.jpeg 750w, https:\/\/itapicurufm.com.br\/wp-content\/uploads\/2023\/02\/samu-1-1-300x168.jpeg 300w\" sizes=\"auto, (max-width: 750px) 100vw, 750px\" \/><\/figure>\n\n\n\n<p><\/p>\n","protected":false},"excerpt":{"rendered":"<p>Mais uma a\u00e7\u00e3o de gest\u00e3o Mudan\u00e7a e Renova\u00e7\u00e3o do prefeito Thiago Gilleno, que foi implantada ontem, durante as comemora\u00e7\u00f5es dos<\/p>\n","protected":false},"author":5,"featured_media":13264,"comment_status":"open","ping_status":"closed","sticky":false,"template":"","format":"standard","meta":{"colormag_page_container_layout":"default_layout","colormag_page_sidebar_layout":"default_layout","footnotes":""},"categories":[3],"tags":[],"class_list":["post-13259","post","type-post","status-publish","format-standard","has-post-thumbnail","hentry","category-pontonovo"],"_links":{"self":[{"href":"https:\/\/itapicurufm.com.br\/index.php\/wp-json\/wp\/v2\/posts\/13259","targetHints":{"allow":["GET"]}}],"collection":[{"href":"https:\/\/itapicurufm.com.br\/index.php\/wp-json\/wp\/v2\/posts"}],"about":[{"href":"https:\/\/itapicurufm.com.br\/index.php\/wp-json\/wp\/v2\/types\/post"}],"author":[{"embeddable":true,"href":"https:\/\/itapicurufm.com.br\/index.php\/wp-json\/wp\/v2\/users\/5"}],"replies":[{"embeddable":true,"href":"https:\/\/itapicurufm.com.br\/index.php\/wp-json\/wp\/v2\/comments?post=13259"}],"version-history":[{"count":2,"href":"https:\/\/itapicurufm.com.br\/index.php\/wp-json\/wp\/v2\/posts\/13259\/revisions"}],"predecessor-version":[{"id":13267,"href":"https:\/\/itapicurufm.com.br\/index.php\/wp-json\/wp\/v2\/posts\/13259\/revisions\/13267"}],"wp:featuredmedia":[{"embeddable":true,"href":"https:\/\/itapicurufm.com.br\/index.php\/wp-json\/wp\/v2\/media\/13264"}],"wp:attachment":[{"href":"https:\/\/itapicurufm.com.br\/index.php\/wp-json\/wp\/v2\/media?parent=13259"}],"wp:term":[{"taxonomy":"category","embeddable":true,"href":"https:\/\/itapicurufm.com.br\/index.php\/wp-json\/wp\/v2\/categories?post=13259"},{"taxonomy":"post_tag","embeddable":true,"href":"https:\/\/itapicurufm.com.br\/index.php\/wp-json\/wp\/v2\/tags?post=13259"}],"curies":[{"name":"wp","href":"https:\/\/api.w.org\/{rel}","templated":true}]}}