{"id":13031,"date":"2023-01-26T08:32:43","date_gmt":"2023-01-26T11:32:43","guid":{"rendered":"https:\/\/itapicurufm.com.br\/?p=13031"},"modified":"2023-01-26T08:32:45","modified_gmt":"2023-01-26T11:32:45","slug":"jovem-publica-fotos-ensanguentada-e-denuncia-agressao-de-ex-namorado","status":"publish","type":"post","link":"https:\/\/itapicurufm.com.br\/index.php\/2023\/01\/26\/jovem-publica-fotos-ensanguentada-e-denuncia-agressao-de-ex-namorado\/","title":{"rendered":"Jovem publica fotos ensanguentada e denuncia agress\u00e3o de ex-namorado"},"content":{"rendered":"\n<p>Uma jovem do munic\u00edpio de S\u00e3o Sebasti\u00e3o do Pass\u00e9, regi\u00e3o Metropolitana de Salvador, fez den\u00fancias p\u00fablicas de uma suposta agress\u00e3o sofrida pelo ex-namorado na \u00faltima segunda-feira, 23. Com imagens do rosto e corpo ensanguentados, a v\u00edtima escreveu nas redes sociais que havia recebido &#8220;chutes, pux\u00f5es de cabelo, ataque com copo de vidro e agress\u00f5es verbais&#8221;.<\/p>\n\n\n\n<p>No relato, Carolina Oliveira disse ter sido acordada pelo rapaz com reclama\u00e7\u00f5es e xingamentos. Logo depois ele teria partido para agress\u00e3o f\u00edsica, levando ela a ter ferimentos no rosto e no bra\u00e7o. Segundo a jovem, ela teve que levar pontos na regi\u00e3o do olho.<\/p>\n\n\n\n<p>Carolina conseguiu fugir do local e pedir ajuda aos vizinhos. Ap\u00f3s o socorro ela se encaminhou \u00e0 delegacia para denunciar o ex-namorado, que \u00e9 menor de idade. <\/p>\n\n\n\n<p>A v\u00edtima ainda deixou uma mensagem de alerta para mulheres evitarem sofrer agress\u00f5es e abusos.&#8221;Fica o alerta para todas as mulheres ficarem atentas aos sinais. Vale ressaltar que todo ap\u00f3s esse acontecimento, ele veio no Instagram para debochar da minha cara, e fazendo amea\u00e7as. Meu desejo \u00e9 que as mulheres n\u00e3o se calem, que tenham for\u00e7a, gritem para o mundo. Juntas somos mais fortes&#8221;, pontuou.\u00a0<\/p>\n","protected":false},"excerpt":{"rendered":"<p>Uma jovem do munic\u00edpio de S\u00e3o Sebasti\u00e3o do Pass\u00e9, regi\u00e3o Metropolitana de Salvador, fez den\u00fancias p\u00fablicas de uma suposta agress\u00e3o<\/p>\n","protected":false},"author":5,"featured_media":13032,"comment_status":"open","ping_status":"closed","sticky":false,"template":"","format":"standard","meta":{"colormag_page_container_layout":"default_layout","colormag_page_sidebar_layout":"default_layout","footnotes":""},"categories":[1],"tags":[],"class_list":["post-13031","post","type-post","status-publish","format-standard","has-post-thumbnail","hentry","category-geral"],"_links":{"self":[{"href":"https:\/\/itapicurufm.com.br\/index.php\/wp-json\/wp\/v2\/posts\/13031","targetHints":{"allow":["GET"]}}],"collection":[{"href":"https:\/\/itapicurufm.com.br\/index.php\/wp-json\/wp\/v2\/posts"}],"about":[{"href":"https:\/\/itapicurufm.com.br\/index.php\/wp-json\/wp\/v2\/types\/post"}],"author":[{"embeddable":true,"href":"https:\/\/itapicurufm.com.br\/index.php\/wp-json\/wp\/v2\/users\/5"}],"replies":[{"embeddable":true,"href":"https:\/\/itapicurufm.com.br\/index.php\/wp-json\/wp\/v2\/comments?post=13031"}],"version-history":[{"count":1,"href":"https:\/\/itapicurufm.com.br\/index.php\/wp-json\/wp\/v2\/posts\/13031\/revisions"}],"predecessor-version":[{"id":13033,"href":"https:\/\/itapicurufm.com.br\/index.php\/wp-json\/wp\/v2\/posts\/13031\/revisions\/13033"}],"wp:featuredmedia":[{"embeddable":true,"href":"https:\/\/itapicurufm.com.br\/index.php\/wp-json\/wp\/v2\/media\/13032"}],"wp:attachment":[{"href":"https:\/\/itapicurufm.com.br\/index.php\/wp-json\/wp\/v2\/media?parent=13031"}],"wp:term":[{"taxonomy":"category","embeddable":true,"href":"https:\/\/itapicurufm.com.br\/index.php\/wp-json\/wp\/v2\/categories?post=13031"},{"taxonomy":"post_tag","embeddable":true,"href":"https:\/\/itapicurufm.com.br\/index.php\/wp-json\/wp\/v2\/tags?post=13031"}],"curies":[{"name":"wp","href":"https:\/\/api.w.org\/{rel}","templated":true}]}}