{"id":12807,"date":"2022-12-31T08:16:21","date_gmt":"2022-12-31T11:16:21","guid":{"rendered":"https:\/\/itapicurufm.com.br\/?p=12807"},"modified":"2022-12-31T09:05:28","modified_gmt":"2022-12-31T12:05:28","slug":"12807","status":"publish","type":"post","link":"https:\/\/itapicurufm.com.br\/index.php\/2022\/12\/31\/12807\/","title":{"rendered":"Morre Papa Bento XVI"},"content":{"rendered":"\n<p>O Papa Em\u00e9rito Bento XVI morreu neste s\u00e1bado (31), aos 95 anos, ap\u00f3s uma piora repentina de sa\u00fade nos \u00faltimos dias.<\/p>\n\n\n\n<p>A informa\u00e7\u00e3o foi publicada pelo perfil do Vaticano no Twitter:<\/p>\n\n\n\n<blockquote class=\"wp-block-quote is-layout-flow wp-block-quote-is-layout-flow\"><p>&#8220;Com pesar, informo que o Papa Em\u00e9rito Bento XVI faleceu hoje, \u00e0s 9h34, no Mosteiro Marer Ecclesiae, no Vaticano. Assim que poss\u00edvel, ser\u00e3o enviadas novas informa\u00e7\u00f5es&#8221;, diz comunicado do&nbsp;diretor da Sala de Imprensa da Santa S\u00e9.<\/p><\/blockquote>\n\n\n\n<p>A sa\u00fade de Joseph Ratzinger vinha se debilitando nos \u00faltimos tempos. O gesto mais marcante de seu pontificado foi a ren\u00fancia, em 2013. Ele foi o primeiro papa a renunciar em 600 anos.<\/p>\n\n\n\n<p>Ainda na sexta (30), o Vaticano havia dito que sua condi\u00e7\u00e3o era grave, mas est\u00e1vel,&nbsp;com aten\u00e7\u00e3o m\u00e9dica constante.<\/p>\n\n\n\n<p>Desde a ren\u00fancia, em 10 de fevereiro de 2013, o te\u00f3logo alem\u00e3o vivia em um pequeno mosteiro no Vaticano.<\/p>\n\n\n\n<p>Seus&nbsp;quase oito anos no comando da Igreja Cat\u00f3lica foram marcados tamb\u00e9m pelos vazamentos de documentos do Vaticano, os chamados Vatileaks.<\/p>\n","protected":false},"excerpt":{"rendered":"<p>O Papa Em\u00e9rito Bento XVI morreu neste s\u00e1bado (31), aos 95 anos, ap\u00f3s uma piora repentina de sa\u00fade nos \u00faltimos<\/p>\n","protected":false},"author":5,"featured_media":12808,"comment_status":"open","ping_status":"closed","sticky":false,"template":"","format":"standard","meta":{"colormag_page_container_layout":"default_layout","colormag_page_sidebar_layout":"default_layout","footnotes":""},"categories":[1],"tags":[],"class_list":["post-12807","post","type-post","status-publish","format-standard","has-post-thumbnail","hentry","category-geral"],"_links":{"self":[{"href":"https:\/\/itapicurufm.com.br\/index.php\/wp-json\/wp\/v2\/posts\/12807","targetHints":{"allow":["GET"]}}],"collection":[{"href":"https:\/\/itapicurufm.com.br\/index.php\/wp-json\/wp\/v2\/posts"}],"about":[{"href":"https:\/\/itapicurufm.com.br\/index.php\/wp-json\/wp\/v2\/types\/post"}],"author":[{"embeddable":true,"href":"https:\/\/itapicurufm.com.br\/index.php\/wp-json\/wp\/v2\/users\/5"}],"replies":[{"embeddable":true,"href":"https:\/\/itapicurufm.com.br\/index.php\/wp-json\/wp\/v2\/comments?post=12807"}],"version-history":[{"count":2,"href":"https:\/\/itapicurufm.com.br\/index.php\/wp-json\/wp\/v2\/posts\/12807\/revisions"}],"predecessor-version":[{"id":12811,"href":"https:\/\/itapicurufm.com.br\/index.php\/wp-json\/wp\/v2\/posts\/12807\/revisions\/12811"}],"wp:featuredmedia":[{"embeddable":true,"href":"https:\/\/itapicurufm.com.br\/index.php\/wp-json\/wp\/v2\/media\/12808"}],"wp:attachment":[{"href":"https:\/\/itapicurufm.com.br\/index.php\/wp-json\/wp\/v2\/media?parent=12807"}],"wp:term":[{"taxonomy":"category","embeddable":true,"href":"https:\/\/itapicurufm.com.br\/index.php\/wp-json\/wp\/v2\/categories?post=12807"},{"taxonomy":"post_tag","embeddable":true,"href":"https:\/\/itapicurufm.com.br\/index.php\/wp-json\/wp\/v2\/tags?post=12807"}],"curies":[{"name":"wp","href":"https:\/\/api.w.org\/{rel}","templated":true}]}}