{"id":12493,"date":"2022-11-13T07:12:03","date_gmt":"2022-11-13T10:12:03","guid":{"rendered":"https:\/\/itapicurufm.com.br\/?p=12493"},"modified":"2022-11-13T07:12:05","modified_gmt":"2022-11-13T10:12:05","slug":"brutal-cabeleireiro-da-27-tesouradas-em-advogada-durante-atendimento","status":"publish","type":"post","link":"https:\/\/itapicurufm.com.br\/index.php\/2022\/11\/13\/brutal-cabeleireiro-da-27-tesouradas-em-advogada-durante-atendimento\/","title":{"rendered":"Brutal: Cabeleireiro d\u00e1 27 tesouradas em advogada durante atendimento"},"content":{"rendered":"\n<p>Uma mulher foi atacada por um cabeleireiro enquanto era atendida em um sal\u00e3o, em Aparecida, no estado de S\u00e3o Paulo. A v\u00edtima foi a advogada J\u00falia Castro. Em seu relato, a mulher, que \u00e9 cliente do profissional h\u00e1 pelo menos um ano, disse que gritava que precisava &#8220;enfiar a espada na serpente&#8221; enquanto desferia os golpes. O relato foi feito \u00e0 Record TV.<\/p>\n\n\n\n<p>O homem fugiu do local ap\u00f3s o crime e foi encontrado logo depois dizendo \u201cpalavras desconexas\u201d. Para os policiais, ele estava em surto. Ainda de acordo com a v\u00edtima, ela marcou hor\u00e1rio na v\u00e9spera do seu anivers\u00e1rio, que foi em outubro. Ela chegou a postar fotos do cabelo durante o servi\u00e7o contratado. Mesmo depois do ocorrido, ela, que ficou com v\u00e1rios machucados pelo corpo, decidiu manter a celebra\u00e7\u00e3o da nova idade.<\/p>\n\n\n\n<p>Segundo a advogada, naquele dia, o prestador de servi\u00e7os desabafou sobre o fato de a m\u00e3e estar perto da morte, visivelmente chateado. Os dois conversaram e, perto da finaliza\u00e7\u00e3o do trabalho, o homem come\u00e7ou a atac\u00e1-la com uma tesoura pelas costas.<\/p>\n\n\n\n<p>&#8220;Eu sempre fui l\u00e1, ele me tratava muito bem, era calmo. Mas, nesse dia, percebi algo estranho [&#8230;] Para mim, ficou claro que ele realmente queria me matar&#8221;, relatou.<\/p>\n\n\n\n<p>Mesmo com a v\u00edtima reagindo em luta corporal contra o agressor, ele continuou desferindo os golpes, causando machucados em suas pernas. Vizinhos socorreram a mulher para um hospital. &#8220;Foi o maior livramento da minha vida&#8221;, afirmou.<\/p>\n\n\n\n<p>O homem passou por exames psicol\u00f3gicos e foi preso por tentativa de homic\u00eddio. A advogada j\u00e1 recebeu alta m\u00e9dica.<\/p>\n","protected":false},"excerpt":{"rendered":"<p>Uma mulher foi atacada por um cabeleireiro enquanto era atendida em um sal\u00e3o, em Aparecida, no estado de S\u00e3o Paulo.<\/p>\n","protected":false},"author":5,"featured_media":12494,"comment_status":"open","ping_status":"closed","sticky":false,"template":"","format":"standard","meta":{"colormag_page_container_layout":"default_layout","colormag_page_sidebar_layout":"default_layout","footnotes":""},"categories":[8],"tags":[],"class_list":["post-12493","post","type-post","status-publish","format-standard","has-post-thumbnail","hentry","category-brasil"],"_links":{"self":[{"href":"https:\/\/itapicurufm.com.br\/index.php\/wp-json\/wp\/v2\/posts\/12493","targetHints":{"allow":["GET"]}}],"collection":[{"href":"https:\/\/itapicurufm.com.br\/index.php\/wp-json\/wp\/v2\/posts"}],"about":[{"href":"https:\/\/itapicurufm.com.br\/index.php\/wp-json\/wp\/v2\/types\/post"}],"author":[{"embeddable":true,"href":"https:\/\/itapicurufm.com.br\/index.php\/wp-json\/wp\/v2\/users\/5"}],"replies":[{"embeddable":true,"href":"https:\/\/itapicurufm.com.br\/index.php\/wp-json\/wp\/v2\/comments?post=12493"}],"version-history":[{"count":1,"href":"https:\/\/itapicurufm.com.br\/index.php\/wp-json\/wp\/v2\/posts\/12493\/revisions"}],"predecessor-version":[{"id":12495,"href":"https:\/\/itapicurufm.com.br\/index.php\/wp-json\/wp\/v2\/posts\/12493\/revisions\/12495"}],"wp:featuredmedia":[{"embeddable":true,"href":"https:\/\/itapicurufm.com.br\/index.php\/wp-json\/wp\/v2\/media\/12494"}],"wp:attachment":[{"href":"https:\/\/itapicurufm.com.br\/index.php\/wp-json\/wp\/v2\/media?parent=12493"}],"wp:term":[{"taxonomy":"category","embeddable":true,"href":"https:\/\/itapicurufm.com.br\/index.php\/wp-json\/wp\/v2\/categories?post=12493"},{"taxonomy":"post_tag","embeddable":true,"href":"https:\/\/itapicurufm.com.br\/index.php\/wp-json\/wp\/v2\/tags?post=12493"}],"curies":[{"name":"wp","href":"https:\/\/api.w.org\/{rel}","templated":true}]}}