{"id":12344,"date":"2022-10-18T09:09:02","date_gmt":"2022-10-18T12:09:02","guid":{"rendered":"https:\/\/itapicurufm.com.br\/?p=12344"},"modified":"2022-10-18T09:09:04","modified_gmt":"2022-10-18T12:09:04","slug":"produtos-usados-para-alisar-cabelo-aumentam-o-risco-de-cancer-de-utero","status":"publish","type":"post","link":"https:\/\/itapicurufm.com.br\/index.php\/2022\/10\/18\/produtos-usados-para-alisar-cabelo-aumentam-o-risco-de-cancer-de-utero\/","title":{"rendered":"Produtos usados para alisar cabelo aumentam o risco de c\u00e2ncer de \u00fatero"},"content":{"rendered":"\n<p>Os produtos usados para alisar o cabelo aumentam o risco de c\u00e2ncer de \u00fatero, revelou um novo estudo divulgado nesta segunda-feira, 17. As descobertas, publicadas no Journal of the National Cancer Institute, s\u00e3o especialmente relevantes para as mulheres negras, que representam a maioria dos usu\u00e1rios de produtos de alisamento nos Estados Unidos, e para as adeptas do chamado &#8220;alisamento brasileiro&#8221;.<\/p>\n\n\n\n<p>Cientistas elogiaram o estudo e pediram mais pesquisas para confirmar as descobertas. As mulheres que usam esses produtos mais de quatro vezes por ano t\u00eam o dobro da probabilidade de desenvolver c\u00e2ncer de \u00fatero, principalmente c\u00e2ncer de endom\u00e9trio. Essa doen\u00e7a n\u00e3o deve ser confundida com c\u00e2ncer de colo do \u00fatero.<\/p>\n\n\n\n<p>Associa\u00e7\u00f5es semelhantes n\u00e3o foram encontradas em outros produtos capilares, como tinturas, descolora\u00e7\u00f5es, luzes ou permanentes.<\/p>\n\n\n\n<p>&#8220;Estimamos que 1,64% das mulheres que nunca usaram um produto para alisar o cabelo ter\u00e3o desenvolvido c\u00e2ncer de \u00fatero aos 70 anos. Mas, para as usu\u00e1rias frequentes, esse risco aumenta para 4,05%&#8221;, estima em comunicado Alexandra White, principal autora do estudo. &#8220;A duplica\u00e7\u00e3o dessa taxa \u00e9 preocupante&#8221;, acrescentou.&nbsp;<\/p>\n\n\n\n<p>O c\u00e2ncer uterino representa cerca de 3% dos novos casos de c\u00e2ncer nos Estados Unidos, mas \u00e9 o mais comum do sistema reprodutor feminino. O progn\u00f3stico costuma ser bom se detectado a tempo, mas o tratamento geralmente envolve a remo\u00e7\u00e3o do \u00fatero, o que impossibilitaria a gravidez.<\/p>\n\n\n\n<p>O estudo se baseia em dados de 33.500 mulheres americanas, acompanhadas por quase 11 anos.<\/p>\n\n\n\n<p>Como as mulheres negras usam esses produtos com mais frequ\u00eancia e tendem a come\u00e7ar mais jovens, &#8220;esses resultados podem ser particularmente interessantes para elas&#8221;, disse Che-Jung Chang, co-autora da pesquisa.<\/p>\n\n\n\n<p>Aproximadamente 60% das mulheres que afirmaram ter usado produtos para alisar o cabelo no ano passado se identificaram como negras.<\/p>\n\n\n\n<p><strong>Alisamento brasileiro<\/strong><\/p>\n\n\n\n<p>&#8220;O preocupante \u00e9 que existem subst\u00e2ncias qu\u00edmicas nesses produtos que agem essencialmente como estrog\u00eanio no corpo&#8221;, disse White. Essa a\u00e7\u00e3o interrompe os processos hormonais normais, e isso pode influenciar o risco de c\u00e2ncer.<\/p>\n\n\n\n<p>A segunda possibilidade levantada \u00e9 a de que alguns produtos tenham subst\u00e2ncias cancer\u00edgenas, como o formalde\u00eddo, para quebrar as liga\u00e7\u00f5es entre as prote\u00ednas da queratina do cabelo, alterando sua estrutura e alisando-o.<\/p>\n\n\n\n<p>O tratamento de queratina conhecido como &#8220;alisamento brasileiro&#8221; era popular quando as mulheres se inscreveram neste estudo, entre 2003 e 2009. No entanto, seu uso diminuiu consideravelmente desde ent\u00e3o.<\/p>\n\n\n\n<p>Os pesquisadores n\u00e3o coletaram informa\u00e7\u00f5es sobre produtos e marcas espec\u00edficas, mas apontam que v\u00e1rias subst\u00e2ncias qu\u00edmicas presentes nesses tipos de produtos podem contribuir para o aumento do risco de c\u00e2ncer. Al\u00e9m do formalde\u00eddo, conhecido popularmente como formol, o estudo cita tamb\u00e9m parabenos, bisfenol A e metais.<\/p>\n\n\n\n<p>Em compara\u00e7\u00e3o com outras categorias, os produtos para alisar o cabelo podem promover a absor\u00e7\u00e3o de subst\u00e2ncias qu\u00edmicas por meio de les\u00f5es ou queimaduras no couro cabeludo, ou atrav\u00e9s do uso de chapinhas, cujo calor decomp\u00f5e as subst\u00e2ncias, aponta o estudo.<\/p>\n\n\n\n<p>Outros estudos j\u00e1 estabeleceram uma liga\u00e7\u00e3o entre alisadores e um maior risco de c\u00e2ncer de mama.<\/p>\n","protected":false},"excerpt":{"rendered":"<p>Os produtos usados para alisar o cabelo aumentam o risco de c\u00e2ncer de \u00fatero, revelou um novo estudo divulgado nesta<\/p>\n","protected":false},"author":5,"featured_media":12345,"comment_status":"open","ping_status":"closed","sticky":false,"template":"","format":"standard","meta":{"colormag_page_container_layout":"default_layout","colormag_page_sidebar_layout":"default_layout","footnotes":""},"categories":[8],"tags":[],"class_list":["post-12344","post","type-post","status-publish","format-standard","has-post-thumbnail","hentry","category-brasil"],"_links":{"self":[{"href":"https:\/\/itapicurufm.com.br\/index.php\/wp-json\/wp\/v2\/posts\/12344","targetHints":{"allow":["GET"]}}],"collection":[{"href":"https:\/\/itapicurufm.com.br\/index.php\/wp-json\/wp\/v2\/posts"}],"about":[{"href":"https:\/\/itapicurufm.com.br\/index.php\/wp-json\/wp\/v2\/types\/post"}],"author":[{"embeddable":true,"href":"https:\/\/itapicurufm.com.br\/index.php\/wp-json\/wp\/v2\/users\/5"}],"replies":[{"embeddable":true,"href":"https:\/\/itapicurufm.com.br\/index.php\/wp-json\/wp\/v2\/comments?post=12344"}],"version-history":[{"count":1,"href":"https:\/\/itapicurufm.com.br\/index.php\/wp-json\/wp\/v2\/posts\/12344\/revisions"}],"predecessor-version":[{"id":12346,"href":"https:\/\/itapicurufm.com.br\/index.php\/wp-json\/wp\/v2\/posts\/12344\/revisions\/12346"}],"wp:featuredmedia":[{"embeddable":true,"href":"https:\/\/itapicurufm.com.br\/index.php\/wp-json\/wp\/v2\/media\/12345"}],"wp:attachment":[{"href":"https:\/\/itapicurufm.com.br\/index.php\/wp-json\/wp\/v2\/media?parent=12344"}],"wp:term":[{"taxonomy":"category","embeddable":true,"href":"https:\/\/itapicurufm.com.br\/index.php\/wp-json\/wp\/v2\/categories?post=12344"},{"taxonomy":"post_tag","embeddable":true,"href":"https:\/\/itapicurufm.com.br\/index.php\/wp-json\/wp\/v2\/tags?post=12344"}],"curies":[{"name":"wp","href":"https:\/\/api.w.org\/{rel}","templated":true}]}}