{"id":12323,"date":"2022-10-15T08:17:40","date_gmt":"2022-10-15T11:17:40","guid":{"rendered":"https:\/\/itapicurufm.com.br\/?p=12323"},"modified":"2022-10-15T08:17:42","modified_gmt":"2022-10-15T11:17:42","slug":"professora-e-agredida-por-mae-de-aluno-durante-reuniao","status":"publish","type":"post","link":"https:\/\/itapicurufm.com.br\/index.php\/2022\/10\/15\/professora-e-agredida-por-mae-de-aluno-durante-reuniao\/","title":{"rendered":"Professora \u00e9 agredida por m\u00e3e de aluno durante reuni\u00e3o"},"content":{"rendered":"\n<p>Uma professora de&nbsp;<a href=\"https:\/\/g1.globo.com\/ba\/bahia\/cidade\/santo-antonio-de-jesus\/\">Santo Ant\u00f4nio de Jesus<\/a>&nbsp;foi agredida pela m\u00e3e de uma aluna durante uma reuni\u00e3o na Escola Municipal Florentino Firmino de Almeida, onde trabalha. O caso aconteceu no dia 5 de outubro, dias ap\u00f3s um ouro professor da cidade ser chamado de &#8216;macaco&#8217; por aluna.<\/p>\n\n\n\n<p>A TV Suba\u00e9, filiada da TV Bahia em Feira de Santana, procurou a m\u00e3e do estudante. Ela confirmou as agress\u00f5es e disse que perdeu a cabe\u00e7a durante a reuni\u00e3o, mas que sabe que isso n\u00e3o justifica a sua atitude. Al\u00e9m disso, a mulher reclamou do atendimento e afirmou que n\u00e3o se sentiu acolhida pela equipe pedag\u00f3gica.<\/p>\n\n\n\n<p>Segundo a professora agredida, Iam\u00e1 Vilas Boas, a reuni\u00e3o foi marcada para falar sobre o comportamento do aluno, que a havia desrespeitado na sala de aula.<\/p>\n\n\n\n<p>&#8220;Desde que chegou na escola, ela n\u00e3o aceitava ouvir o que eu e a diretora quer\u00edamos falar sobre o comportamento do aluno. Eu falei: &#8216;voc\u00ea est\u00e1 aqui para ouvir, seu filho me desrespeitou&#8217;. Ela ent\u00e3o levantou a m\u00e3o e disse que &#8216;ele \u00e9 assim mesmo'&#8221;, contou.<\/p>\n\n\n\n<p>Ap\u00f3s ouvir a resposta da m\u00e3e, a professora respondeu que entendia o motivo do jovem se comportar de forma desrespeitosa.<\/p>\n\n\n\n<p>De acordo com a delegada de Santo Ant\u00f4nio de Jesus, Corina Lopes, a professora registrou o boletim de ocorr\u00eancia no mesmo dia e agora a pol\u00edcia aguarda apenas o laudo de les\u00e3o corporal para encaminhar o caso para a Justi\u00e7a. As pessoas envolvidas j\u00e1 foram ouvidas e as imagens das c\u00e2meras de seguran\u00e7a da escola foram solicitadas.<\/p>\n\n\n\n<h2 class=\"wp-block-heading\">Professor chamado de macaco<\/h2>\n\n\n\n<p>Al\u00e9m da professora Iam\u00e1, um outro educador de Santo Ant\u00f4nio de Jesus precisou prestar queixa na pol\u00edcia por uma situa\u00e7\u00e3o vivida dentro da escola. Neste caso, o profissional foi chamado de macaco por uma aluna.<\/p>\n\n\n\n<p>O caso aconteceu no dia 30 de setembro, na zona rural da cidade, e o nome do professor n\u00e3o foi divulgado.<\/p>\n\n\n\n<p>A delegada Corina Lopes, afirma que a v\u00edtima j\u00e1 foi ouvida e agora espera o depoimento da aluna.<\/p>\n\n\n\n<p>&#8220;Assim que a menor for ouvida, o boletim ser\u00e1 encaminhado para a Justi\u00e7a e ser\u00e1 ouvido pelo juiz da Inf\u00e2ncia&#8221;, informou.<\/p>\n\n\n\n<p>A secret\u00e1ria de educa\u00e7\u00e3o da cidade, Maria Renilda Barreto, informou que o professor foi trasnferido para outra unidade escolar. Ela tamb\u00e9m afirmou que presta solidariedade a todos que sofrem agress\u00f5es f\u00edsicas e verbais nas escolas, sejam essas pessoas funcion\u00e1rios, alunos ou professores.<\/p>\n\n\n\n<p>&#8220;N\u00e3o cabe a secretaria de Educa\u00e7\u00e3o puni\u00e7\u00e3o de crime de agress\u00e3o f\u00edsica ou racismo, isso cabe a pol\u00edcia. Em rela\u00e7\u00e3o \u00e1 menor, se o ato acontece dentro da escola, tanto como agressor ou agredida, vamos buscar um di\u00e1logo com as fam\u00edlias e com o Conselho Tutelar&#8221;, explicou.<\/p>\n","protected":false},"excerpt":{"rendered":"<p>Uma professora de&nbsp;Santo Ant\u00f4nio de Jesus&nbsp;foi agredida pela m\u00e3e de uma aluna durante uma reuni\u00e3o na Escola Municipal Florentino Firmino<\/p>\n","protected":false},"author":5,"featured_media":12324,"comment_status":"open","ping_status":"closed","sticky":false,"template":"","format":"standard","meta":{"colormag_page_container_layout":"default_layout","colormag_page_sidebar_layout":"default_layout","footnotes":""},"categories":[8],"tags":[],"class_list":["post-12323","post","type-post","status-publish","format-standard","has-post-thumbnail","hentry","category-brasil"],"_links":{"self":[{"href":"https:\/\/itapicurufm.com.br\/index.php\/wp-json\/wp\/v2\/posts\/12323","targetHints":{"allow":["GET"]}}],"collection":[{"href":"https:\/\/itapicurufm.com.br\/index.php\/wp-json\/wp\/v2\/posts"}],"about":[{"href":"https:\/\/itapicurufm.com.br\/index.php\/wp-json\/wp\/v2\/types\/post"}],"author":[{"embeddable":true,"href":"https:\/\/itapicurufm.com.br\/index.php\/wp-json\/wp\/v2\/users\/5"}],"replies":[{"embeddable":true,"href":"https:\/\/itapicurufm.com.br\/index.php\/wp-json\/wp\/v2\/comments?post=12323"}],"version-history":[{"count":1,"href":"https:\/\/itapicurufm.com.br\/index.php\/wp-json\/wp\/v2\/posts\/12323\/revisions"}],"predecessor-version":[{"id":12325,"href":"https:\/\/itapicurufm.com.br\/index.php\/wp-json\/wp\/v2\/posts\/12323\/revisions\/12325"}],"wp:featuredmedia":[{"embeddable":true,"href":"https:\/\/itapicurufm.com.br\/index.php\/wp-json\/wp\/v2\/media\/12324"}],"wp:attachment":[{"href":"https:\/\/itapicurufm.com.br\/index.php\/wp-json\/wp\/v2\/media?parent=12323"}],"wp:term":[{"taxonomy":"category","embeddable":true,"href":"https:\/\/itapicurufm.com.br\/index.php\/wp-json\/wp\/v2\/categories?post=12323"},{"taxonomy":"post_tag","embeddable":true,"href":"https:\/\/itapicurufm.com.br\/index.php\/wp-json\/wp\/v2\/tags?post=12323"}],"curies":[{"name":"wp","href":"https:\/\/api.w.org\/{rel}","templated":true}]}}