{"id":11825,"date":"2022-08-08T09:10:28","date_gmt":"2022-08-08T12:10:28","guid":{"rendered":"https:\/\/itapicurufm.com.br\/?p=11825"},"modified":"2022-08-08T09:10:29","modified_gmt":"2022-08-08T12:10:29","slug":"radio-lideranca-fm-de-jaguarari-sofre-atentado","status":"publish","type":"post","link":"https:\/\/itapicurufm.com.br\/index.php\/2022\/08\/08\/radio-lideranca-fm-de-jaguarari-sofre-atentado\/","title":{"rendered":"R\u00e1dio Lideran\u00e7a FM de Jaguarari sofre atentado!"},"content":{"rendered":"\n<p>Transmissores da R\u00e1dio Lideran\u00e7a FM foram incendiados.<\/p>\n\n\n\n<figure class=\"wp-block-image size-full\"><img loading=\"lazy\" decoding=\"async\" width=\"1024\" height=\"683\" src=\"https:\/\/itapicurufm.com.br\/wp-content\/uploads\/2022\/08\/image-12.png\" alt=\"\" class=\"wp-image-11826\" srcset=\"https:\/\/itapicurufm.com.br\/wp-content\/uploads\/2022\/08\/image-12.png 1024w, https:\/\/itapicurufm.com.br\/wp-content\/uploads\/2022\/08\/image-12-300x200.png 300w, https:\/\/itapicurufm.com.br\/wp-content\/uploads\/2022\/08\/image-12-768x512.png 768w\" sizes=\"auto, (max-width: 1024px) 100vw, 1024px\" \/><figcaption>Fonte: Autor desconhecido<\/figcaption><\/figure>\n\n\n\n<p>Por volta das 3h da madrugada deste domingo (07), a Guarni\u00e7\u00e3o da Policia Militar foi solicitada pelos bombeiros civis como apoio para averiguar um poss\u00edvel inc\u00eandio na propriedade da R\u00e1dio Lideran\u00e7a FM, localizada no Morro Santa Cruz. Segundo a ocorr\u00eancia policial ao chegar ao local foi constatado que a porta havia sido arrombada e que supostamente pessoas teriam ateado fogo nos equipamentos, n\u00e3o sendo poss\u00edvel identificar por quest\u00e3o de risco, devido \u00e0 materiais inflam\u00e1veis e qu\u00edmicos.<\/p>\n\n\n\n<p>Em contato com a dire\u00e7\u00e3o da Radio Lideran\u00e7a FM fomos informados que atearam fogo nos equipamentos de transmiss\u00e3o, inclusive nos equipamentos reservas, ficando evidente que o inc\u00eandio foi criminoso. Porem paira agora a d\u00favida se a motiva\u00e7\u00e3o do crime teria sido de cunho pol\u00edtico.<\/p>\n\n\n\n<p>A R\u00e1dio Lideran\u00e7a possui em sua grade o programa jornal\u00edstico \u201cJornal do Meio Dia\u201d, apresentado pelos comunicadores Marcelo Barros e Walterley kuhin, que diariamente recebem de seus ouvintes todos os tipos de reclama\u00e7\u00f5es e den\u00fancias. Nas \u00faltimas semanas a participa\u00e7\u00e3o dos ouvintes se intensificou, com in\u00fameras den\u00fancias contra a atual gest\u00e3o pelos gastos exorbitantes de mais de R$ 4 milh\u00f5es de reais para a constru\u00e7\u00e3o de 4 quadras poliesportivas.<\/p>\n\n\n\n<p>Outro assunto amplamente debatido durante o programa jornal\u00edstico, foi o envio da PL 15\/2022 de 28 de julho, pelo prefeito Ant\u00f4nio Nascimento (PT), que autoriza o a gest\u00e3o municipal a contrair o financiamento de R$ 21.000.000,00 (vinte um milh\u00f5es de reais) e ainda autoriza o gestor a abrir cr\u00e9ditos adicionais a esse valor, caso ache necess\u00e1rio.<\/p>\n\n\n\n<p>O munic\u00edpio de Jaguarari \u00e9 uma das cidades da regi\u00e3o com maior volume em arrecada\u00e7\u00e3o. Por\u00e9m nos \u00faltimos meses a popula\u00e7\u00e3o t\u00eam reclamando constantemente da falta de servi\u00e7os b\u00e1sicos como medica\u00e7\u00e3o e atendimentos m\u00e9dicos. Vale ressaltar que recentemente v\u00e1rias categorias de servidores p\u00fablicos entraram em greve, inclusive da classe de educa\u00e7\u00e3o por reajuste salarial, fato que tamb\u00e9m foi amplamente divulgado pela emissora de r\u00e1dio, o que poderia ter gerado o descontentamento de simpatizantes.<\/p>\n\n\n\n<p>Sem d\u00favida esse atentado merece todo o rep\u00fadio, pois n\u00e3o atinge apenas o transmissor do ve\u00edculo de comunica\u00e7\u00e3o, mas a liberdade de imprensa, comunica\u00e7\u00e3o, express\u00e3o e do direito \u00e0 cr\u00edtica e opini\u00e3o, mas principalmente os ouvintes que tem o direito \u00e0 informa\u00e7\u00e3o.<\/p>\n\n\n\n<p>Fonte: Blog do Walterley &#8211; https:\/\/blogdowalterley.com.br\/2022\/08\/08\/transmissores-da-radio-lideranca-fm-de-jaguarari-sofrem-atentado\/<\/p>\n","protected":false},"excerpt":{"rendered":"<p>Transmissores da R\u00e1dio Lideran\u00e7a FM foram incendiados. Por volta das 3h da madrugada deste domingo (07), a Guarni\u00e7\u00e3o da Policia<\/p>\n","protected":false},"author":5,"featured_media":11826,"comment_status":"open","ping_status":"closed","sticky":false,"template":"","format":"standard","meta":{"colormag_page_container_layout":"default_layout","colormag_page_sidebar_layout":"default_layout","footnotes":""},"categories":[4,1],"tags":[],"class_list":["post-11825","post","type-post","status-publish","format-standard","has-post-thumbnail","hentry","category-regiao","category-geral"],"_links":{"self":[{"href":"https:\/\/itapicurufm.com.br\/index.php\/wp-json\/wp\/v2\/posts\/11825","targetHints":{"allow":["GET"]}}],"collection":[{"href":"https:\/\/itapicurufm.com.br\/index.php\/wp-json\/wp\/v2\/posts"}],"about":[{"href":"https:\/\/itapicurufm.com.br\/index.php\/wp-json\/wp\/v2\/types\/post"}],"author":[{"embeddable":true,"href":"https:\/\/itapicurufm.com.br\/index.php\/wp-json\/wp\/v2\/users\/5"}],"replies":[{"embeddable":true,"href":"https:\/\/itapicurufm.com.br\/index.php\/wp-json\/wp\/v2\/comments?post=11825"}],"version-history":[{"count":1,"href":"https:\/\/itapicurufm.com.br\/index.php\/wp-json\/wp\/v2\/posts\/11825\/revisions"}],"predecessor-version":[{"id":11827,"href":"https:\/\/itapicurufm.com.br\/index.php\/wp-json\/wp\/v2\/posts\/11825\/revisions\/11827"}],"wp:featuredmedia":[{"embeddable":true,"href":"https:\/\/itapicurufm.com.br\/index.php\/wp-json\/wp\/v2\/media\/11826"}],"wp:attachment":[{"href":"https:\/\/itapicurufm.com.br\/index.php\/wp-json\/wp\/v2\/media?parent=11825"}],"wp:term":[{"taxonomy":"category","embeddable":true,"href":"https:\/\/itapicurufm.com.br\/index.php\/wp-json\/wp\/v2\/categories?post=11825"},{"taxonomy":"post_tag","embeddable":true,"href":"https:\/\/itapicurufm.com.br\/index.php\/wp-json\/wp\/v2\/tags?post=11825"}],"curies":[{"name":"wp","href":"https:\/\/api.w.org\/{rel}","templated":true}]}}