{"id":11650,"date":"2022-07-25T17:47:53","date_gmt":"2022-07-25T20:47:53","guid":{"rendered":"https:\/\/itapicurufm.com.br\/?p=11650"},"modified":"2022-07-25T17:48:37","modified_gmt":"2022-07-25T20:48:37","slug":"papa-francisco-pede-desculpas-por-acoes-da-igreja-contra-a-populacao-indigena-no-canada","status":"publish","type":"post","link":"https:\/\/itapicurufm.com.br\/index.php\/2022\/07\/25\/papa-francisco-pede-desculpas-por-acoes-da-igreja-contra-a-populacao-indigena-no-canada\/","title":{"rendered":"Papa Francisco pede desculpas por a\u00e7\u00f5es da Igreja contra a popula\u00e7\u00e3o ind\u00edgena no Canad\u00e1"},"content":{"rendered":"\n<p>Internatos comandados pela Igreja separaram mais de 150 mil crian\u00e7as ind\u00edgenas de suas fam\u00edlias desde o s\u00e9culo XIX at\u00e9 meados de 1970.<\/p>\n\n\n\n<figure class=\"wp-block-image size-full\"><img loading=\"lazy\" decoding=\"async\" width=\"984\" height=\"653\" src=\"https:\/\/itapicurufm.com.br\/wp-content\/uploads\/2022\/07\/image-19.png\" alt=\"\" class=\"wp-image-11652\" srcset=\"https:\/\/itapicurufm.com.br\/wp-content\/uploads\/2022\/07\/image-19.png 984w, https:\/\/itapicurufm.com.br\/wp-content\/uploads\/2022\/07\/image-19-300x199.png 300w, https:\/\/itapicurufm.com.br\/wp-content\/uploads\/2022\/07\/image-19-768x510.png 768w\" sizes=\"auto, (max-width: 984px) 100vw, 984px\" \/><figcaption>Papa Francisco vestindo cocar ind\u00edgena durante encontro com l\u00edderes locais \u2014 Foto: Guglielmo Mangiapane\/REUTERS<\/figcaption><\/figure>\n\n\n\n<p>O Papa Francisco pediu desculpas nesta segunda-feira (25) por conta dos abusos feitos pela Igreja cat\u00f3lica em diversas regi\u00f5es do&nbsp;<a href=\"https:\/\/g1.globo.com\/tudo-sobre\/canada\/\">Canad\u00e1<\/a>&nbsp;durante o s\u00e9culo XIX e at\u00e9 meados dos anos 1970.<\/p>\n\n\n\n<blockquote class=\"wp-block-quote is-layout-flow wp-block-quote-is-layout-flow\"><p>\u201cVim \u00e0 sua terra para lhes contar pessoalmente a minha dor, implorar o perd\u00e3o, a cura e a reconcilia\u00e7\u00e3o de Deus, para expressar minha proximidade e rezar com voc\u00eas e por voc\u00eas\u201d, disse o Papa Francisco.<\/p><\/blockquote>\n\n\n\n<figure class=\"wp-block-image\"><img decoding=\"async\" src=\"https:\/\/s2.glbimg.com\/9ndy2F7w4CLSTRNcFynK0NSTDdo=\/0x0:3172x2114\/984x0\/smart\/filters:strip_icc()\/i.s3.glbimg.com\/v1\/AUTH_59edd422c0c84a879bd37670ae4f538a\/internal_photos\/bs\/2022\/l\/7\/oYe5q9QImS4flAFdK9Aw\/ap22206591186236.jpg\" alt=\"Papa Francisco ora diante de cemit\u00e9rio que abriga ind\u00edgenas mortos pela Igreja cat\u00f3lica no Canad\u00e1 \u2014 Foto: Gregorio Borgia\/AP\"\/><\/figure>\n\n\n\n<p>Papa Francisco ora diante de cemit\u00e9rio que abriga ind\u00edgenas mortos pela Igreja cat\u00f3lica no Canad\u00e1 \u2014 Foto: Gregorio Borgia\/AP<\/p>\n\n\n\n<p>Diversas crian\u00e7as ind\u00edgenas foram separadas de suas fam\u00edlias e obrigadas a estudar nos locais determinados pela Igreja. Acredita-se que neste per\u00edodo mais de 150 mil crian\u00e7as passaram por esses internatos, onde muitas foram v\u00edtimas de viol\u00eancia e cerca de 5 mil morreram.<\/p>\n\n\n\n<h2 class=\"wp-block-heading\">Povos ind\u00edgenas<\/h2>\n\n\n\n<figure class=\"wp-block-image\"><img decoding=\"async\" src=\"https:\/\/s2.glbimg.com\/pJgDc2xJp-6n1fTSODtym-8I0Ko=\/0x0:4200x2800\/984x0\/smart\/filters:strip_icc()\/i.s3.glbimg.com\/v1\/AUTH_59edd422c0c84a879bd37670ae4f538a\/internal_photos\/bs\/2022\/8\/T\/N1YkNCQIqiCzwO1irAKg\/ap22206600519161.jpg\" alt=\"Papa Francisco ao lado de l\u00edderes ind\u00edgenas do Canad\u00e1 \u2014 Foto: Gregorio Borgia\/AP\"\/><\/figure>\n\n\n\n<p>Papa Francisco ao lado de l\u00edderes ind\u00edgenas do Canad\u00e1 \u2014 Foto: Gregorio Borgia\/AP<\/p>\n\n\n\n<p>Um dos anfitri\u00f5es do evento, o chefe Randy Ermineskin da Na\u00e7\u00e3o Ermineskin Cree, esperou pelo papa em um estacionamento pr\u00f3ximo e fez um balan\u00e7o da import\u00e2ncia hist\u00f3rica do dia.<\/p>\n\n\n\n<p>\u201cMeus familiares falecidos n\u00e3o est\u00e3o mais aqui conosco, meus pais foram para a escola residencial, eu fui para a escola residencial\u201d, disse ele \u00e0 Associated Press, vestido com um tradicional cocar cree de penas. \u201cEu sei que eles est\u00e3o comigo, eles est\u00e3o ouvindo, eles est\u00e3o assistindo.\u201d<\/p>\n\n\n\n<h2 class=\"wp-block-heading\">Camisas laranja<\/h2>\n\n\n\n<figure class=\"wp-block-image\"><img decoding=\"async\" src=\"https:\/\/s2.glbimg.com\/TXHmrlRwYyluin6T-zfs_I5lJhs=\/0x0:4752x3168\/984x0\/smart\/filters:strip_icc()\/i.s3.glbimg.com\/v1\/AUTH_59edd422c0c84a879bd37670ae4f538a\/internal_photos\/bs\/2022\/P\/2\/0yIkV9TJOAEGKGSJO9Pw\/2022-07-25t171034z-1527592816-rc25jv9ue56v-rtrmadp-3-pope-canada.jpg\" alt=\"Papa Francisco aparece ao fundo diante de l\u00edderes ind\u00edgenas do Canad\u00e1 \u2014 Foto: Guglielmo Mangiapane\/REUTERS\"\/><\/figure>\n\n\n\n<p>Papa Francisco aparece ao fundo diante de l\u00edderes ind\u00edgenas do Canad\u00e1 \u2014 Foto: Guglielmo Mangiapane\/REUTERS<\/p>\n\n\n\n<p>Muitos na multid\u00e3o usavam roupas tradicionais, incluindo saias de fita e coletes com indicativos nativos. Outros vestiram camisas laranja, que se tornaram um s\u00edmbolo de sobreviventes do internato.<\/p>\n\n\n\n<p>A veste lembra a hist\u00f3ria de uma mulher que conter ter sua camisa laranja favorita, dada por sua av\u00f3, confiscada na chegada a um internato e substitu\u00edda por um uniforme.<\/p>\n\n\n\n<h2 class=\"wp-block-heading\">Contexto Hist\u00f3rico<\/h2>\n\n\n\n<p>O governo canadense admitiu que o abuso f\u00edsico e sexual era excessivo nas escolas crist\u00e3s financiadas pelo governo que funcionaram do s\u00e9culo 19 at\u00e9 a d\u00e9cada de 1970. Cerca de 150.000 crian\u00e7as ind\u00edgenas foram retiradas de suas fam\u00edlias e for\u00e7adas a comparecer em um esfor\u00e7o para isol\u00e1-las da influ\u00eancia de seus lares, l\u00ednguas e culturas nativas e assimil\u00e1-las \u00e0 sociedade crist\u00e3 do Canad\u00e1.<\/p>\n\n\n\n<p>Ordens religiosas cat\u00f3licas operavam 66 das 139 escolas residenciais do Canad\u00e1, onde milhares de crian\u00e7as morreram de doen\u00e7as, inc\u00eandios e outras causas.<\/p>\n\n\n\n<p>Essas reuni\u00f5es culminaram com um hist\u00f3rico pedido de desculpas em 1\u00ba de abril pelos abusos \u201cdeplor\u00e1veis\u201d cometidos por alguns mission\u00e1rios cat\u00f3licos em escolas residenciais.<\/p>\n\n\n\n<p>Milhares de crian\u00e7as morreram de doen\u00e7as, inc\u00eandios e outras causas. As descobertas de centenas de potenciais cemit\u00e9rios em antigas escolas no ano passado chamaram a aten\u00e7\u00e3o internacional para o legado das escolas no Canad\u00e1 e suas contrapartes nos Estados Unidos.<\/p>\n\n\n\n<h2 class=\"wp-block-heading\">Sentimento canadense<\/h2>\n\n\n\n<figure class=\"wp-block-image\"><img decoding=\"async\" src=\"https:\/\/s2.glbimg.com\/SPVT0s0x4a67uISyJy3imo24bF0=\/0x0:3926x2685\/984x0\/smart\/filters:strip_icc()\/i.s3.glbimg.com\/v1\/AUTH_59edd422c0c84a879bd37670ae4f538a\/internal_photos\/bs\/2022\/u\/p\/YUbt9gSK6Pu0bI7wLDlA\/ap22206560724592.jpg\" alt=\"Canadenses posam ao lado de bandeira durante visita do Papa ao pa\u00eds \u2014 Foto: Jason Franson.\/The Canadian Press via AP\"\/><\/figure>\n\n\n\n<p>Canadenses posam ao lado de bandeira durante visita do Papa ao pa\u00eds \u2014 Foto: Jason Franson.\/The Canadian Press via AP<\/p>\n\n\n\n<p>O chefe Greg Desjarlais, da Frog Lake First Nation, no norte de Alberta, um sobrevivente da escola, disse ap\u00f3s a chegada do papa no domingo que h\u00e1 \u201cemo\u00e7\u00f5es mistas em todo o pa\u00eds\u201d sobre sua visita.<\/p>\n\n\n\n<p>\u201cEu sei que quando duas pessoas se desculpam, nos sentimos melhor\u201d, disse ele. \u201cMas nosso povo passou por muita coisa. &#8230; Nosso povo ficou traumatizado. Alguns deles n\u00e3o chegaram em casa. Agora espero que o mundo veja por que nosso povo est\u00e1 t\u00e3o ferido.\u201d<\/p>\n\n\n\n<p>Fonte: G1 &#8211; https:\/\/g1.globo.com\/mundo\/noticia\/2022\/07\/25\/papa-francisco-pede-desculpas-por-acoes-da-igreja-contra-a-populacao-indigena-no-canada.ghtml<\/p>\n","protected":false},"excerpt":{"rendered":"<p>Internatos comandados pela Igreja separaram mais de 150 mil crian\u00e7as ind\u00edgenas de suas fam\u00edlias desde o s\u00e9culo XIX at\u00e9 meados<\/p>\n","protected":false},"author":5,"featured_media":11652,"comment_status":"open","ping_status":"closed","sticky":false,"template":"","format":"standard","meta":{"colormag_page_container_layout":"default_layout","colormag_page_sidebar_layout":"default_layout","footnotes":""},"categories":[8,60,1],"tags":[],"class_list":["post-11650","post","type-post","status-publish","format-standard","has-post-thumbnail","hentry","category-brasil","category-mundo","category-geral"],"_links":{"self":[{"href":"https:\/\/itapicurufm.com.br\/index.php\/wp-json\/wp\/v2\/posts\/11650","targetHints":{"allow":["GET"]}}],"collection":[{"href":"https:\/\/itapicurufm.com.br\/index.php\/wp-json\/wp\/v2\/posts"}],"about":[{"href":"https:\/\/itapicurufm.com.br\/index.php\/wp-json\/wp\/v2\/types\/post"}],"author":[{"embeddable":true,"href":"https:\/\/itapicurufm.com.br\/index.php\/wp-json\/wp\/v2\/users\/5"}],"replies":[{"embeddable":true,"href":"https:\/\/itapicurufm.com.br\/index.php\/wp-json\/wp\/v2\/comments?post=11650"}],"version-history":[{"count":2,"href":"https:\/\/itapicurufm.com.br\/index.php\/wp-json\/wp\/v2\/posts\/11650\/revisions"}],"predecessor-version":[{"id":11654,"href":"https:\/\/itapicurufm.com.br\/index.php\/wp-json\/wp\/v2\/posts\/11650\/revisions\/11654"}],"wp:featuredmedia":[{"embeddable":true,"href":"https:\/\/itapicurufm.com.br\/index.php\/wp-json\/wp\/v2\/media\/11652"}],"wp:attachment":[{"href":"https:\/\/itapicurufm.com.br\/index.php\/wp-json\/wp\/v2\/media?parent=11650"}],"wp:term":[{"taxonomy":"category","embeddable":true,"href":"https:\/\/itapicurufm.com.br\/index.php\/wp-json\/wp\/v2\/categories?post=11650"},{"taxonomy":"post_tag","embeddable":true,"href":"https:\/\/itapicurufm.com.br\/index.php\/wp-json\/wp\/v2\/tags?post=11650"}],"curies":[{"name":"wp","href":"https:\/\/api.w.org\/{rel}","templated":true}]}}