{"id":11577,"date":"2022-07-21T09:33:03","date_gmt":"2022-07-21T12:33:03","guid":{"rendered":"https:\/\/itapicurufm.com.br\/?p=11577"},"modified":"2022-07-21T09:33:05","modified_gmt":"2022-07-21T12:33:05","slug":"covid-19-william-bonner-explica-afastamento-do-jornal-nacional-cai-minha-invencibilidade","status":"publish","type":"post","link":"https:\/\/itapicurufm.com.br\/index.php\/2022\/07\/21\/covid-19-william-bonner-explica-afastamento-do-jornal-nacional-cai-minha-invencibilidade\/","title":{"rendered":"COVID-19? &#8211; William Bonner explica afastamento do \u2018Jornal Nacional\u2019: \u2018Cai minha invencibilidade\u2019"},"content":{"rendered":"\n<h3 class=\"wp-block-heading\">Jornalista, que n\u00e3o apresenta o telejornal desde segunda-feira, 18, testou positivo para a Covid-19<\/h3>\n\n\n\n<figure class=\"wp-block-image aligncenter size-full\"><img loading=\"lazy\" decoding=\"async\" width=\"750\" height=\"490\" src=\"https:\/\/itapicurufm.com.br\/wp-content\/uploads\/2022\/07\/image-9.png\" alt=\"\" class=\"wp-image-11578\" srcset=\"https:\/\/itapicurufm.com.br\/wp-content\/uploads\/2022\/07\/image-9.png 750w, https:\/\/itapicurufm.com.br\/wp-content\/uploads\/2022\/07\/image-9-300x196.png 300w\" sizes=\"auto, (max-width: 750px) 100vw, 750px\" \/><figcaption>Reprodu\u00e7\u00e3o\/Globo<br><\/figcaption><\/figure>\n\n\n\n<p>Afastado da bancada do \u201c<strong>Jornal Nacional<\/strong>\u201d desde a \u00faltima segunda-feira, 18,\u00a0<strong>William Bonner\u00a0<\/strong>usou as redes sociais nesta quarta-feira, 20, para explicar aos seguidores porque n\u00e3o est\u00e1 apresentando o telejornal da Globo. Bonner postou uma selfie demonstrando que n\u00e3o estava feliz com a not\u00edcia que decidiu compartilhar com o p\u00fablico: ele testou positivo para a\u00a0<strong>Covid-19<\/strong>. \u201cCai minha impressionante invencibilidade para o coronav\u00edrus. Mas tudo bem. A defesa armada com duas [doses da vacina] Astrazeneca e duas Pfizer. Est\u00e3o dando conta\u201d, declarou o jornalista que, aparentemente, n\u00e3o est\u00e1 com sintomas graves.\u00a0<strong>Natasha Dantas<\/strong>, esposa de Bonner, postou uma foto de m\u00e3os dadas com o marido e comentou: \u201c\u2018Na sa\u00fade e na doen\u00e7a\u2019, j\u00e1 diziam os mo\u00e7os de batina. Sintomas leves. Repouso e s\u00e9ries. Viva a vacina\u201d.<\/p>\n\n\n\n<p>Em janeiro deste ano,\u00a0<strong>Renata Vasconcellos<\/strong>\u00a0foi quem testou positivo para a Covid-19. Ela tamb\u00e9m n\u00e3o est\u00e1 apresentando o \u201cJornal Nacional\u201d esta semana, mas sua aus\u00eancia est\u00e1 relacionada com a grava\u00e7\u00e3o de um novo projeto. \u201cA Renata n\u00e3o est\u00e1 afastada. Ela n\u00e3o est\u00e1 na bancada porque est\u00e1 gravando um projeto paralelo para o \u2018JN\u2019. Por isso, em alguns dias ela n\u00e3o apresenta o jornal\u201d, explicou a Globo em nota enviada \u00e0\u00a0<strong>Jovem Pan<\/strong>. Com a aus\u00eancia dos dois \u00e2ncoras titulares, o telejornal do hor\u00e1rio nobre da Globo est\u00e1 sendo comandado desde segunda por\u00a0<strong>H\u00e9lter Duarte<\/strong>\u00a0e\u00a0<strong>Ana Luiza Guimar\u00e3es<\/strong>. Nos coment\u00e1rios da publica\u00e7\u00e3o de Bonner, outros jornalistas da emissora estimaram melhoras ao apresentador. \u201cFor\u00e7a na peruca a\u00ed, Superman\u201d, escreveu Cesar Tralli. \u201cSa\u00fade e boa recupera\u00e7\u00e3o\u201d, disse Marcelo Cosme. \u201cCau\u00ea Fabiano\u201d, desejou Cau\u00ea Fabiano.<\/p>\n\n\n\n<p>Fonte: Jovem Pan &#8211; https:\/\/jovempan.com.br\/entretenimento\/tv-e-cinema\/william-bonner-explica-afastamento-do-jornal-nacional-cai-minha-invencibilidade.html<\/p>\n","protected":false},"excerpt":{"rendered":"<p>Jornalista, que n\u00e3o apresenta o telejornal desde segunda-feira, 18, testou positivo para a Covid-19 Afastado da bancada do \u201cJornal Nacional\u201d<\/p>\n","protected":false},"author":5,"featured_media":11578,"comment_status":"open","ping_status":"closed","sticky":false,"template":"","format":"standard","meta":{"colormag_page_container_layout":"default_layout","colormag_page_sidebar_layout":"default_layout","footnotes":""},"categories":[8,60],"tags":[],"class_list":["post-11577","post","type-post","status-publish","format-standard","has-post-thumbnail","hentry","category-brasil","category-mundo"],"_links":{"self":[{"href":"https:\/\/itapicurufm.com.br\/index.php\/wp-json\/wp\/v2\/posts\/11577","targetHints":{"allow":["GET"]}}],"collection":[{"href":"https:\/\/itapicurufm.com.br\/index.php\/wp-json\/wp\/v2\/posts"}],"about":[{"href":"https:\/\/itapicurufm.com.br\/index.php\/wp-json\/wp\/v2\/types\/post"}],"author":[{"embeddable":true,"href":"https:\/\/itapicurufm.com.br\/index.php\/wp-json\/wp\/v2\/users\/5"}],"replies":[{"embeddable":true,"href":"https:\/\/itapicurufm.com.br\/index.php\/wp-json\/wp\/v2\/comments?post=11577"}],"version-history":[{"count":1,"href":"https:\/\/itapicurufm.com.br\/index.php\/wp-json\/wp\/v2\/posts\/11577\/revisions"}],"predecessor-version":[{"id":11579,"href":"https:\/\/itapicurufm.com.br\/index.php\/wp-json\/wp\/v2\/posts\/11577\/revisions\/11579"}],"wp:featuredmedia":[{"embeddable":true,"href":"https:\/\/itapicurufm.com.br\/index.php\/wp-json\/wp\/v2\/media\/11578"}],"wp:attachment":[{"href":"https:\/\/itapicurufm.com.br\/index.php\/wp-json\/wp\/v2\/media?parent=11577"}],"wp:term":[{"taxonomy":"category","embeddable":true,"href":"https:\/\/itapicurufm.com.br\/index.php\/wp-json\/wp\/v2\/categories?post=11577"},{"taxonomy":"post_tag","embeddable":true,"href":"https:\/\/itapicurufm.com.br\/index.php\/wp-json\/wp\/v2\/tags?post=11577"}],"curies":[{"name":"wp","href":"https:\/\/api.w.org\/{rel}","templated":true}]}}