{"id":11551,"date":"2022-07-20T08:51:42","date_gmt":"2022-07-20T11:51:42","guid":{"rendered":"https:\/\/itapicurufm.com.br\/?p=11551"},"modified":"2022-07-20T08:51:44","modified_gmt":"2022-07-20T11:51:44","slug":"eleicoes-convencoes-partidarias-comecam-nesta-quarta-feira-20","status":"publish","type":"post","link":"https:\/\/itapicurufm.com.br\/index.php\/2022\/07\/20\/eleicoes-convencoes-partidarias-comecam-nesta-quarta-feira-20\/","title":{"rendered":"Elei\u00e7\u00f5es: conven\u00e7\u00f5es partid\u00e1rias come\u00e7am nesta quarta-feira (20)"},"content":{"rendered":"\n<p>Eventos formalizam as candidaturas aos 5 cargos em disputa em 2022; veja o calend\u00e1rio das que v\u00e3o definir os postulantes \u00e0 Presid\u00eancia da Rep\u00fablica e consulte a lista de pr\u00e9-candidatos ao governo do seu estado.<\/p>\n\n\n\n<p><\/p>\n\n\n\n<figure class=\"wp-block-image size-large\"><img loading=\"lazy\" decoding=\"async\" width=\"1024\" height=\"614\" src=\"https:\/\/itapicurufm.com.br\/wp-content\/uploads\/2022\/07\/Eleicoes-2016-urnas-eletronicas-brasileiras_00209042008-850x502-1-1024x614.webp\" alt=\"\" class=\"wp-image-11552\" srcset=\"https:\/\/itapicurufm.com.br\/wp-content\/uploads\/2022\/07\/Eleicoes-2016-urnas-eletronicas-brasileiras_00209042008-850x502-1-1024x614.webp 1024w, https:\/\/itapicurufm.com.br\/wp-content\/uploads\/2022\/07\/Eleicoes-2016-urnas-eletronicas-brasileiras_00209042008-850x502-1-300x180.webp 300w, https:\/\/itapicurufm.com.br\/wp-content\/uploads\/2022\/07\/Eleicoes-2016-urnas-eletronicas-brasileiras_00209042008-850x502-1-768x461.webp 768w, https:\/\/itapicurufm.com.br\/wp-content\/uploads\/2022\/07\/Eleicoes-2016-urnas-eletronicas-brasileiras_00209042008-850x502-1.webp 1200w\" sizes=\"auto, (max-width: 1024px) 100vw, 1024px\" \/><figcaption>Fonte: Carta Capital<\/figcaption><\/figure>\n\n\n\n<p>Come\u00e7a nesta quarta-feira (20) e vai at\u00e9 15 de agosto o per\u00edodo para partidos pol\u00edticos realizarem as\u00a0conven\u00e7\u00f5es partid\u00e1rias.<\/p>\n\n\n\n<p>\u00c9 nesses eventos que as legendas definem os nomes que v\u00e3o concorrer a um dos cinco cargos em disputa em 2022<\/p>\n\n\n\n<ul class=\"wp-block-list\"><li>Deputado estadual (distrital no Distrito Federal);<\/li><li>Deputado federal;<\/li><li>Senador;<\/li><li>Governador (veja quem s\u00e3o os pr\u00e9-candidatos do seu estado no infogr\u00e1fico abaixo)<strong>;<\/strong><\/li><li>Presidente da Rep\u00fablica (veja quem s\u00e3o os pr\u00e9-candidatos).<\/li><\/ul>\n\n\n\n<h2 class=\"wp-block-heading\">Calend\u00e1rio de pr\u00e9-conven\u00e7\u00f5es presidenciais<\/h2>\n\n\n\n<p>A primeira conven\u00e7\u00e3o entre os partidos que t\u00eam pr\u00e9-candidatos \u00e0 Presid\u00eancia \u00e9 a do\u00a0PDT, que deve confirmar o nome de\u00a0Ciro Gomes\u00a0nesta quarta-feira (19), em Bras\u00edlia.<\/p>\n\n\n\n<p>O\u00a0PT\u00a0far\u00e1 o evento na quinta-feira (21), em S\u00e3o Paulo, mas n\u00e3o deve contar com a participa\u00e7\u00e3o do ex-presidente\u00a0Lula, que \u00e9 o pr\u00e9-candidato da sigla. O petista prev\u00ea realizar um evento no Nordeste na data.<\/p>\n\n\n\n<p>A conven\u00e7\u00e3o do\u00a0PL\u00a0para oficializar a candidatura do presidente\u00a0Jair Bolsonaro\u00a0\u00e0 reelei\u00e7\u00e3o est\u00e1 marcada para domingo (24), no Rio de Janeiro.<\/p>\n\n\n\n<p>Veja, abaixo, o calend\u00e1rio completo de conven\u00e7\u00f5es e quem s\u00e3o os pr\u00e9-candidatos<\/p>\n\n\n\n<p>Fonte: G1 &#8211; https:\/\/g1.globo.com\/politica\/eleicoes\/2022\/noticia\/2022\/07\/20\/eleicoes-convencoes-partidarias-comecam-nesta-quarta-feira-20.ghtml<\/p>\n","protected":false},"excerpt":{"rendered":"<p>Eventos formalizam as candidaturas aos 5 cargos em disputa em 2022; veja o calend\u00e1rio das que v\u00e3o definir os postulantes<\/p>\n","protected":false},"author":5,"featured_media":11552,"comment_status":"open","ping_status":"closed","sticky":false,"template":"","format":"standard","meta":{"colormag_page_container_layout":"default_layout","colormag_page_sidebar_layout":"default_layout","footnotes":""},"categories":[8],"tags":[34,37],"class_list":["post-11551","post","type-post","status-publish","format-standard","has-post-thumbnail","hentry","category-brasil","tag-bolsonaro","tag-pt"],"_links":{"self":[{"href":"https:\/\/itapicurufm.com.br\/index.php\/wp-json\/wp\/v2\/posts\/11551","targetHints":{"allow":["GET"]}}],"collection":[{"href":"https:\/\/itapicurufm.com.br\/index.php\/wp-json\/wp\/v2\/posts"}],"about":[{"href":"https:\/\/itapicurufm.com.br\/index.php\/wp-json\/wp\/v2\/types\/post"}],"author":[{"embeddable":true,"href":"https:\/\/itapicurufm.com.br\/index.php\/wp-json\/wp\/v2\/users\/5"}],"replies":[{"embeddable":true,"href":"https:\/\/itapicurufm.com.br\/index.php\/wp-json\/wp\/v2\/comments?post=11551"}],"version-history":[{"count":1,"href":"https:\/\/itapicurufm.com.br\/index.php\/wp-json\/wp\/v2\/posts\/11551\/revisions"}],"predecessor-version":[{"id":11553,"href":"https:\/\/itapicurufm.com.br\/index.php\/wp-json\/wp\/v2\/posts\/11551\/revisions\/11553"}],"wp:featuredmedia":[{"embeddable":true,"href":"https:\/\/itapicurufm.com.br\/index.php\/wp-json\/wp\/v2\/media\/11552"}],"wp:attachment":[{"href":"https:\/\/itapicurufm.com.br\/index.php\/wp-json\/wp\/v2\/media?parent=11551"}],"wp:term":[{"taxonomy":"category","embeddable":true,"href":"https:\/\/itapicurufm.com.br\/index.php\/wp-json\/wp\/v2\/categories?post=11551"},{"taxonomy":"post_tag","embeddable":true,"href":"https:\/\/itapicurufm.com.br\/index.php\/wp-json\/wp\/v2\/tags?post=11551"}],"curies":[{"name":"wp","href":"https:\/\/api.w.org\/{rel}","templated":true}]}}