{"id":11520,"date":"2022-07-18T18:46:17","date_gmt":"2022-07-18T21:46:17","guid":{"rendered":"https:\/\/itapicurufm.com.br\/?p=11520"},"modified":"2022-07-18T18:46:19","modified_gmt":"2022-07-18T21:46:19","slug":"lula-responde-anitta-apos-cantora-dizer-que-nao-vai-fazer-propaganda-politica-sei-que-nao-e-petista","status":"publish","type":"post","link":"https:\/\/itapicurufm.com.br\/index.php\/2022\/07\/18\/lula-responde-anitta-apos-cantora-dizer-que-nao-vai-fazer-propaganda-politica-sei-que-nao-e-petista\/","title":{"rendered":"Lula responde Anitta ap\u00f3s cantora dizer que n\u00e3o vai fazer propaganda pol\u00edtica: \u2018Sei que n\u00e3o \u00e9 petista\u2019"},"content":{"rendered":"\n<p>Atrav\u00e9s do Twitter, o ex-presidente afirmou que tem ci\u00eancia de que o apoio da estrela do pop deve-se apenas \u00e0 luta contra o bolsonarismo<\/p>\n\n\n\n<figure class=\"wp-block-image size-full\"><img loading=\"lazy\" decoding=\"async\" width=\"750\" height=\"432\" src=\"https:\/\/itapicurufm.com.br\/wp-content\/uploads\/2022\/07\/design-sem-nome-2022-07-13t105210.289-750x432-1.png\" alt=\"\" class=\"wp-image-11522\" srcset=\"https:\/\/itapicurufm.com.br\/wp-content\/uploads\/2022\/07\/design-sem-nome-2022-07-13t105210.289-750x432-1.png 750w, https:\/\/itapicurufm.com.br\/wp-content\/uploads\/2022\/07\/design-sem-nome-2022-07-13t105210.289-750x432-1-300x173.png 300w\" sizes=\"auto, (max-width: 750px) 100vw, 750px\" \/><figcaption><sup>Reprodu\u00e7\u00e3o\/Instagram\/@anitta &#8211; ROBERTO SUNGI\/FUTURA PRESS\/ESTAD\u00c3O CONTE\u00daDO<\/sup><\/figcaption><\/figure>\n\n\n\n<p>Pr\u00e9-candidato \u00e0 presid\u00eancia da Rep\u00fablica,&nbsp;<strong><a href=\"https:\/\/www.interativapn.com\/2022\/07\/homem-mata-3-pessoas-em-shopping-nos.html\" target=\"_blank\" rel=\"noreferrer noopener\">Lula<\/a> (PT)<\/strong>&nbsp;usou suas redes sociais para responder a cantora&nbsp;<strong>Anitta<\/strong>, que&nbsp;<strong>negou ao Partido dos Trabalhadores o uso de sua imagem para propaganda pol\u00edtica<\/strong>. Atrav\u00e9s do Twitter, o ex-presidente afirmou que tem ci\u00eancia de que o apoio da estrela do pop deve-se apenas ao combate contra&nbsp;<strong>Jair Bolsonaro (PL)<\/strong>. \u201c<strong>Anitta, de fato voc\u00ea s\u00f3 declarou seu apoio por mim e sei que n\u00e3o \u00e9 petista<\/strong>. O PT tem milh\u00f5es de militantes, simpatizantes e tamb\u00e9m tem gente que n\u00e3o gosta do partido mas mesmo assim est\u00e1 conosco nesta caminhada, porque precisamos que o Brasil volte a ter democracia e paz\u201d, escreveu Lula.<\/p>\n\n\n\n<p>No \u00faltimo s\u00e1bado, 16, Anitta reiterou que ir\u00e1 votar em Lula por ter \u201cmaiores chances\u201d de vencer Jair Bolsonaro na corrida pela faixa de presidente. A cantora, ainda assim, deixou claro que n\u00e3o ir\u00e1 autorizar os membros do PT a usar sua imagem para fins pol\u00edticos. \u201cAten\u00e7\u00e3o candidatos do PT, aten\u00e7\u00e3o partido PT. Eu n\u00e3o uma apoiadora do PT e n\u00e3o sou petista. N\u00e3o autorizo o uso da minha imagem para promover este partido e seus candidatos\u201d, escreveu a cantora, que voltou a chamar o atual chefe do Executivo de \u201cVoldemort\u201d, nome do principal vil\u00e3o na saga \u201cHarry Potter\u201d. \u201cDepois de muitas pesquisas a conclus\u00e3o \u00e9 de que essa pessoa \u00e9 o Lula. E o que vou fazer daqui em diante \u00e9 usar minhas plataformas no que eu puder ajudar para trazer mais visibilidade a ele com a prop\u00f3sito de n\u00e3o termos novamente Voldemort na presid\u00eancia\u201d, acrescentou.<\/p>\n\n\n\n<p>Fonte: Jovem Pan News<\/p>\n","protected":false},"excerpt":{"rendered":"<p>Atrav\u00e9s do Twitter, o ex-presidente afirmou que tem ci\u00eancia de que o apoio da estrela do pop deve-se apenas \u00e0<\/p>\n","protected":false},"author":5,"featured_media":11522,"comment_status":"open","ping_status":"closed","sticky":false,"template":"","format":"standard","meta":{"colormag_page_container_layout":"default_layout","colormag_page_sidebar_layout":"default_layout","footnotes":""},"categories":[1],"tags":[40,41],"class_list":["post-11520","post","type-post","status-publish","format-standard","has-post-thumbnail","hentry","category-geral","tag-anita","tag-lula"],"_links":{"self":[{"href":"https:\/\/itapicurufm.com.br\/index.php\/wp-json\/wp\/v2\/posts\/11520","targetHints":{"allow":["GET"]}}],"collection":[{"href":"https:\/\/itapicurufm.com.br\/index.php\/wp-json\/wp\/v2\/posts"}],"about":[{"href":"https:\/\/itapicurufm.com.br\/index.php\/wp-json\/wp\/v2\/types\/post"}],"author":[{"embeddable":true,"href":"https:\/\/itapicurufm.com.br\/index.php\/wp-json\/wp\/v2\/users\/5"}],"replies":[{"embeddable":true,"href":"https:\/\/itapicurufm.com.br\/index.php\/wp-json\/wp\/v2\/comments?post=11520"}],"version-history":[{"count":2,"href":"https:\/\/itapicurufm.com.br\/index.php\/wp-json\/wp\/v2\/posts\/11520\/revisions"}],"predecessor-version":[{"id":11524,"href":"https:\/\/itapicurufm.com.br\/index.php\/wp-json\/wp\/v2\/posts\/11520\/revisions\/11524"}],"wp:featuredmedia":[{"embeddable":true,"href":"https:\/\/itapicurufm.com.br\/index.php\/wp-json\/wp\/v2\/media\/11522"}],"wp:attachment":[{"href":"https:\/\/itapicurufm.com.br\/index.php\/wp-json\/wp\/v2\/media?parent=11520"}],"wp:term":[{"taxonomy":"category","embeddable":true,"href":"https:\/\/itapicurufm.com.br\/index.php\/wp-json\/wp\/v2\/categories?post=11520"},{"taxonomy":"post_tag","embeddable":true,"href":"https:\/\/itapicurufm.com.br\/index.php\/wp-json\/wp\/v2\/tags?post=11520"}],"curies":[{"name":"wp","href":"https:\/\/api.w.org\/{rel}","templated":true}]}}