{"id":11030,"date":"2022-05-14T07:52:26","date_gmt":"2022-05-14T10:52:26","guid":{"rendered":"https:\/\/itapicurufm.com.br\/?p=11030"},"modified":"2022-05-14T07:52:28","modified_gmt":"2022-05-14T10:52:28","slug":"morre-aos-88-anos-em-salvador-o-ex-senador-luiz-vianna-neto","status":"publish","type":"post","link":"https:\/\/itapicurufm.com.br\/index.php\/2022\/05\/14\/morre-aos-88-anos-em-salvador-o-ex-senador-luiz-vianna-neto\/","title":{"rendered":"Morre aos 88 anos, em Salvador, o ex-senador Luiz Vianna Neto"},"content":{"rendered":"\n<p>O ex-senador Luiz Vianna Neto, morreu aos 88 anos, em Salvador, nesta sexta-feira, 13. A causa da morte n\u00e3o foi informada. Ele tamb\u00e9m foi deputado federal e vice-governador da Bahia entre 1979 e 1983.<\/p>\n\n\n\n<p>Al\u00e9m disso, era tio de Luiz Viana Queiroz, ex-presidente da OAB da Bahia e ex-vice-presidente da OAB Nacional.<\/p>\n\n\n\n<p>Advogado com bacharelado em Direito pela Universidade Federal da Bahia (UFBA), em 1955, Vianna Neto tamb\u00e9m garantiu o doutorado em Direito pela Universidade de Paris, em 1957.<\/p>\n\n\n\n<p>Empres\u00e1rio da constru\u00e7\u00e3o civil e das comunica\u00e7\u00f5es, filiou-se \u00e0 ARENA e foi eleito deputado federal em 1966, mas logo deixou o mandato por ter assumido a Secretaria de Assuntos Municipais e Servi\u00e7os Urbanos quando o pai dele, Luiz Viana Filho, governava a Bahia (1967-1971).<\/p>\n\n\n\n<p>Luiz Vianna Neto tamb\u00e9m j\u00e1 foi Diretor do Banco do Estado da Bahia no primeiro governo Ant\u00f4nio Carlos Magalh\u00e3es foi eleito deputado federal em 1974 e foi escolhido vice-governador do estado quando Magalh\u00e3es retornou ao Pal\u00e1cio de Ondina por indica\u00e7\u00e3o do presidente Ernesto Geisel em 1978.<\/p>\n\n\n\n<p>Em nota divulgada na noite de hoje, a Ordem dos Advogados do Brasil na Bahia (OAB-BA), se solidarizou com familiares, amigos e colegas enlutados.<\/p>\n","protected":false},"excerpt":{"rendered":"<p>O ex-senador Luiz Vianna Neto, morreu aos 88 anos, em Salvador, nesta sexta-feira, 13. A causa da morte n\u00e3o foi<\/p>\n","protected":false},"author":5,"featured_media":11031,"comment_status":"open","ping_status":"closed","sticky":false,"template":"","format":"standard","meta":{"colormag_page_container_layout":"default_layout","colormag_page_sidebar_layout":"default_layout","footnotes":""},"categories":[8],"tags":[],"class_list":["post-11030","post","type-post","status-publish","format-standard","has-post-thumbnail","hentry","category-brasil"],"_links":{"self":[{"href":"https:\/\/itapicurufm.com.br\/index.php\/wp-json\/wp\/v2\/posts\/11030","targetHints":{"allow":["GET"]}}],"collection":[{"href":"https:\/\/itapicurufm.com.br\/index.php\/wp-json\/wp\/v2\/posts"}],"about":[{"href":"https:\/\/itapicurufm.com.br\/index.php\/wp-json\/wp\/v2\/types\/post"}],"author":[{"embeddable":true,"href":"https:\/\/itapicurufm.com.br\/index.php\/wp-json\/wp\/v2\/users\/5"}],"replies":[{"embeddable":true,"href":"https:\/\/itapicurufm.com.br\/index.php\/wp-json\/wp\/v2\/comments?post=11030"}],"version-history":[{"count":1,"href":"https:\/\/itapicurufm.com.br\/index.php\/wp-json\/wp\/v2\/posts\/11030\/revisions"}],"predecessor-version":[{"id":11032,"href":"https:\/\/itapicurufm.com.br\/index.php\/wp-json\/wp\/v2\/posts\/11030\/revisions\/11032"}],"wp:featuredmedia":[{"embeddable":true,"href":"https:\/\/itapicurufm.com.br\/index.php\/wp-json\/wp\/v2\/media\/11031"}],"wp:attachment":[{"href":"https:\/\/itapicurufm.com.br\/index.php\/wp-json\/wp\/v2\/media?parent=11030"}],"wp:term":[{"taxonomy":"category","embeddable":true,"href":"https:\/\/itapicurufm.com.br\/index.php\/wp-json\/wp\/v2\/categories?post=11030"},{"taxonomy":"post_tag","embeddable":true,"href":"https:\/\/itapicurufm.com.br\/index.php\/wp-json\/wp\/v2\/tags?post=11030"}],"curies":[{"name":"wp","href":"https:\/\/api.w.org\/{rel}","templated":true}]}}