{"id":11025,"date":"2022-05-13T08:40:07","date_gmt":"2022-05-13T11:40:07","guid":{"rendered":"https:\/\/itapicurufm.com.br\/?p=11025"},"modified":"2022-05-13T08:40:10","modified_gmt":"2022-05-13T11:40:10","slug":"ponto-novo-inauguracao-da-1a-creche-municipal-da-comunidade-de-nova-represa","status":"publish","type":"post","link":"https:\/\/itapicurufm.com.br\/index.php\/2022\/05\/13\/ponto-novo-inauguracao-da-1a-creche-municipal-da-comunidade-de-nova-represa\/","title":{"rendered":"Ponto Novo: Inaugura\u00e7\u00e3o da 1\u00aa Creche Municipal da Comunidade de Nova Represa."},"content":{"rendered":"\n<p>A prefeitura municipal de Ponto Novo atrav\u00e9s da secretaria de educa\u00e7\u00e3o, inaugurou nesta quinta-feira 12\/05, a primeira creche (Centro de Educa\u00e7\u00e3o Infantil) LUCELIA PEREIRA, o evento iniciou as 10:00 horas, e contou com a participa\u00e7\u00e3o do prefeito Thiago Gilleno, vice-prefeito Adelson, a secret\u00e1ria de educa\u00e7\u00e3o Joelma de Oliveira, demais secret\u00e1rios e vereadores da base, estiveram presentes tamb\u00e9m mun\u00edcipes, pais de alunos, professores e diretores, coordenadores e a Ilustre pr\u00e9-candidata a deputada federal Roberta Roma e V\u00edtor Azevedo pr\u00e9-candidato a deputado estadual. A abertura do evento ficou por conta dos discursos, em seguida foi entregue cestas b\u00e1sicas do minist\u00e9rio da cidadania e kits natalidades pela secretaria de Assist\u00eancia Social. As instala\u00e7\u00f5es disp\u00f5em de salas bem arejadas, utens\u00edlios de cozinhas, materiais did\u00e1ticos, carteiras e mesas, tudo adaptado em uma estrutura com destaque nas cores alegres, espa\u00e7o amplo, com capacidade para atender as crian\u00e7as da comunidade.\u201cUm projeto feito nos m\u00ednimos detalhes para proporcionar cuidados essenciais para o desenvolvimento integral das crian\u00e7as, com conforto, seguran\u00e7a, e condi\u00e7\u00f5es adequadas de trabalho para os profissionais de educa\u00e7\u00e3o.\u201d Disse a S\u00e9c. Joelma de Oliveira<\/p>\n\n\n\n<figure class=\"wp-block-image size-full\"><img loading=\"lazy\" decoding=\"async\" width=\"1000\" height=\"1000\" src=\"https:\/\/itapicurufm.com.br\/wp-content\/uploads\/2022\/05\/creche1.jpg\" alt=\"\" class=\"wp-image-11027\" srcset=\"https:\/\/itapicurufm.com.br\/wp-content\/uploads\/2022\/05\/creche1.jpg 1000w, https:\/\/itapicurufm.com.br\/wp-content\/uploads\/2022\/05\/creche1-300x300.jpg 300w, https:\/\/itapicurufm.com.br\/wp-content\/uploads\/2022\/05\/creche1-150x150.jpg 150w, https:\/\/itapicurufm.com.br\/wp-content\/uploads\/2022\/05\/creche1-768x768.jpg 768w\" sizes=\"auto, (max-width: 1000px) 100vw, 1000px\" \/><\/figure>\n\n\n\n<figure class=\"wp-block-image size-full\"><img loading=\"lazy\" decoding=\"async\" width=\"1000\" height=\"1000\" src=\"https:\/\/itapicurufm.com.br\/wp-content\/uploads\/2022\/05\/creche2.jpg\" alt=\"\" class=\"wp-image-11028\" srcset=\"https:\/\/itapicurufm.com.br\/wp-content\/uploads\/2022\/05\/creche2.jpg 1000w, https:\/\/itapicurufm.com.br\/wp-content\/uploads\/2022\/05\/creche2-300x300.jpg 300w, https:\/\/itapicurufm.com.br\/wp-content\/uploads\/2022\/05\/creche2-150x150.jpg 150w, https:\/\/itapicurufm.com.br\/wp-content\/uploads\/2022\/05\/creche2-768x768.jpg 768w\" sizes=\"auto, (max-width: 1000px) 100vw, 1000px\" \/><\/figure>\n\n\n\n<p>Prefeitura de Ponto Novo Governo Mudan\u00e7a e Renova\u00e7\u00e3o<\/p>\n\n\n\n<p>Ascom<\/p>\n","protected":false},"excerpt":{"rendered":"<p>A prefeitura municipal de Ponto Novo atrav\u00e9s da secretaria de educa\u00e7\u00e3o, inaugurou nesta quinta-feira 12\/05, a primeira creche (Centro de<\/p>\n","protected":false},"author":5,"featured_media":11026,"comment_status":"open","ping_status":"closed","sticky":false,"template":"","format":"standard","meta":{"colormag_page_container_layout":"default_layout","colormag_page_sidebar_layout":"default_layout","footnotes":""},"categories":[3],"tags":[],"class_list":["post-11025","post","type-post","status-publish","format-standard","has-post-thumbnail","hentry","category-pontonovo"],"_links":{"self":[{"href":"https:\/\/itapicurufm.com.br\/index.php\/wp-json\/wp\/v2\/posts\/11025","targetHints":{"allow":["GET"]}}],"collection":[{"href":"https:\/\/itapicurufm.com.br\/index.php\/wp-json\/wp\/v2\/posts"}],"about":[{"href":"https:\/\/itapicurufm.com.br\/index.php\/wp-json\/wp\/v2\/types\/post"}],"author":[{"embeddable":true,"href":"https:\/\/itapicurufm.com.br\/index.php\/wp-json\/wp\/v2\/users\/5"}],"replies":[{"embeddable":true,"href":"https:\/\/itapicurufm.com.br\/index.php\/wp-json\/wp\/v2\/comments?post=11025"}],"version-history":[{"count":1,"href":"https:\/\/itapicurufm.com.br\/index.php\/wp-json\/wp\/v2\/posts\/11025\/revisions"}],"predecessor-version":[{"id":11029,"href":"https:\/\/itapicurufm.com.br\/index.php\/wp-json\/wp\/v2\/posts\/11025\/revisions\/11029"}],"wp:featuredmedia":[{"embeddable":true,"href":"https:\/\/itapicurufm.com.br\/index.php\/wp-json\/wp\/v2\/media\/11026"}],"wp:attachment":[{"href":"https:\/\/itapicurufm.com.br\/index.php\/wp-json\/wp\/v2\/media?parent=11025"}],"wp:term":[{"taxonomy":"category","embeddable":true,"href":"https:\/\/itapicurufm.com.br\/index.php\/wp-json\/wp\/v2\/categories?post=11025"},{"taxonomy":"post_tag","embeddable":true,"href":"https:\/\/itapicurufm.com.br\/index.php\/wp-json\/wp\/v2\/tags?post=11025"}],"curies":[{"name":"wp","href":"https:\/\/api.w.org\/{rel}","templated":true}]}}