{"id":10402,"date":"2022-03-15T19:12:53","date_gmt":"2022-03-15T22:12:53","guid":{"rendered":"https:\/\/itapicurufm.com.br\/?p=10402"},"modified":"2022-03-15T19:12:55","modified_gmt":"2022-03-15T22:12:55","slug":"a-prefeitura-de-ponto-novo-atraves-da-secretaria-de-saude-realizou-a-1-conferencia-municipal-de-saude-mental-no-municipio","status":"publish","type":"post","link":"https:\/\/itapicurufm.com.br\/index.php\/2022\/03\/15\/a-prefeitura-de-ponto-novo-atraves-da-secretaria-de-saude-realizou-a-1-conferencia-municipal-de-saude-mental-no-municipio\/","title":{"rendered":"A Prefeitura de Ponto Novo, atrav\u00e9s da Secretaria de Sa\u00fade realizou a 1\u00b0 Confer\u00eancia Municipal de Sa\u00fade Mental no munic\u00edpio."},"content":{"rendered":"\n<p>De acordo com a coordenadora do CAPS1, Eronildes \u201cA Confer\u00eancia Municipal de Sa\u00fade Mental configura-se como uma importante ferramenta de fortalecimento de pol\u00edticas p\u00fablicas, reunindo os diversos segmentos da sociedade e autoridades para debater temas relevantes, relacionadas com a Pol\u00edtica Nacional de Sa\u00fade Mental, \u00c1lcool e outras drogas, bem como eleger delegados que ir\u00e3o representar o Munic\u00edpio na etapa regional e na etapa estadual. Por isso, a participa\u00e7\u00e3o da comunidade \u00e9 de extrema import\u00e2ncia \u201c, explicou. Autoridades, popula\u00e7\u00e3o e usu\u00e1rios, marcaram presen\u00e7a.<\/p>\n\n\n\n<figure class=\"wp-block-image size-large\"><img loading=\"lazy\" decoding=\"async\" width=\"1024\" height=\"770\" src=\"https:\/\/itapicurufm.com.br\/wp-content\/uploads\/2022\/03\/2-1-1024x770.jpg\" alt=\"\" class=\"wp-image-10403\" srcset=\"https:\/\/itapicurufm.com.br\/wp-content\/uploads\/2022\/03\/2-1-1024x770.jpg 1024w, https:\/\/itapicurufm.com.br\/wp-content\/uploads\/2022\/03\/2-1-300x226.jpg 300w, https:\/\/itapicurufm.com.br\/wp-content\/uploads\/2022\/03\/2-1-768x578.jpg 768w, https:\/\/itapicurufm.com.br\/wp-content\/uploads\/2022\/03\/2-1.jpg 1440w\" sizes=\"auto, (max-width: 1024px) 100vw, 1024px\" \/><\/figure>\n\n\n\n<figure class=\"wp-block-image size-large\"><img loading=\"lazy\" decoding=\"async\" width=\"1024\" height=\"768\" src=\"https:\/\/itapicurufm.com.br\/wp-content\/uploads\/2022\/03\/3-2-1024x768.jpg\" alt=\"\" class=\"wp-image-10404\" srcset=\"https:\/\/itapicurufm.com.br\/wp-content\/uploads\/2022\/03\/3-2-1024x768.jpg 1024w, https:\/\/itapicurufm.com.br\/wp-content\/uploads\/2022\/03\/3-2-300x225.jpg 300w, https:\/\/itapicurufm.com.br\/wp-content\/uploads\/2022\/03\/3-2-768x576.jpg 768w, https:\/\/itapicurufm.com.br\/wp-content\/uploads\/2022\/03\/3-2.jpg 1440w\" sizes=\"auto, (max-width: 1024px) 100vw, 1024px\" \/><\/figure>\n\n\n\n<p>Prefeitura de Ponto Novo Secretaria de Sa\u00fade Governo Mudan\u00e7a e Renova\u00e7\u00e3o Ascom<\/p>\n","protected":false},"excerpt":{"rendered":"<p>De acordo com a coordenadora do CAPS1, Eronildes \u201cA Confer\u00eancia Municipal de Sa\u00fade Mental configura-se como uma importante ferramenta de<\/p>\n","protected":false},"author":5,"featured_media":10405,"comment_status":"open","ping_status":"closed","sticky":false,"template":"","format":"standard","meta":{"colormag_page_container_layout":"default_layout","colormag_page_sidebar_layout":"default_layout","footnotes":""},"categories":[3],"tags":[],"class_list":["post-10402","post","type-post","status-publish","format-standard","has-post-thumbnail","hentry","category-pontonovo"],"_links":{"self":[{"href":"https:\/\/itapicurufm.com.br\/index.php\/wp-json\/wp\/v2\/posts\/10402","targetHints":{"allow":["GET"]}}],"collection":[{"href":"https:\/\/itapicurufm.com.br\/index.php\/wp-json\/wp\/v2\/posts"}],"about":[{"href":"https:\/\/itapicurufm.com.br\/index.php\/wp-json\/wp\/v2\/types\/post"}],"author":[{"embeddable":true,"href":"https:\/\/itapicurufm.com.br\/index.php\/wp-json\/wp\/v2\/users\/5"}],"replies":[{"embeddable":true,"href":"https:\/\/itapicurufm.com.br\/index.php\/wp-json\/wp\/v2\/comments?post=10402"}],"version-history":[{"count":1,"href":"https:\/\/itapicurufm.com.br\/index.php\/wp-json\/wp\/v2\/posts\/10402\/revisions"}],"predecessor-version":[{"id":10406,"href":"https:\/\/itapicurufm.com.br\/index.php\/wp-json\/wp\/v2\/posts\/10402\/revisions\/10406"}],"wp:featuredmedia":[{"embeddable":true,"href":"https:\/\/itapicurufm.com.br\/index.php\/wp-json\/wp\/v2\/media\/10405"}],"wp:attachment":[{"href":"https:\/\/itapicurufm.com.br\/index.php\/wp-json\/wp\/v2\/media?parent=10402"}],"wp:term":[{"taxonomy":"category","embeddable":true,"href":"https:\/\/itapicurufm.com.br\/index.php\/wp-json\/wp\/v2\/categories?post=10402"},{"taxonomy":"post_tag","embeddable":true,"href":"https:\/\/itapicurufm.com.br\/index.php\/wp-json\/wp\/v2\/tags?post=10402"}],"curies":[{"name":"wp","href":"https:\/\/api.w.org\/{rel}","templated":true}]}}