{"id":10245,"date":"2022-02-27T06:24:30","date_gmt":"2022-02-27T09:24:30","guid":{"rendered":"https:\/\/itapicurufm.com.br\/?p=10245"},"modified":"2022-02-27T06:24:32","modified_gmt":"2022-02-27T09:24:32","slug":"policia-prende-homem-que-matou-e-esquartejou-vizinho-por-divida-de-r100","status":"publish","type":"post","link":"https:\/\/itapicurufm.com.br\/index.php\/2022\/02\/27\/policia-prende-homem-que-matou-e-esquartejou-vizinho-por-divida-de-r100\/","title":{"rendered":"Pol\u00edcia prende homem que matou e esquartejou vizinho por d\u00edvida de R$100"},"content":{"rendered":"\n<p>A pol\u00edcia prendeu um homem acusado de matar um vizinho e, ap\u00f3s o crime, atear fogo e esquartejar o corpo, ocultando os peda\u00e7os em v\u00e1rias latas de lixo na cidade de Petr\u00f3polis, na regi\u00e3o Serrana do Rio de Janeiro. Emanoel S\u00e9rgio Sim\u00f5es da Silva foi capturado em Campina Verde, no oeste do estado de Minas Gerais, por agentes da Delegacia de Pol\u00edcia Interestadual &#8211; Divis\u00e3o de Capturas (DC-Polinter) na quinta-feira (24). A a\u00e7\u00e3o contou com o apoio de policiais civis de Minas Gerais.&nbsp;<\/p>\n\n\n\n<p>O crime ocorreu em abril de 2020. Segundo as investiga\u00e7\u00f5es, a v\u00edtima devia R$ 100 ao autor, que estava inconformado com a demora no pagamento. Ele atraiu o vizinho para sua resid\u00eancia, o golpeou na cabe\u00e7a algumas vezes e depois cortou o pesco\u00e7o com uma faca, causando sua morte. Quando os fragmentos dos corpos foram encontrados, o crime chocou a cidade e o autor ficou conhecido como &#8220;Monstro da Serra&#8221;.<\/p>\n\n\n\n<p>O autor foi identificado a partir de depoimento do irm\u00e3o da v\u00edtima, que foi agredido v\u00e1rias vezes pelo assassino, mas, por medo, nunca chegou a procurar uma delegacia para registrar as ocorr\u00eancias. O autor ainda teria dito para a testemunha que havia matado outras seis pessoas anteriormente.<\/p>\n\n\n\n<p>As investiga\u00e7\u00f5es permitiram a localiza\u00e7\u00e3o do criminoso, que havia fugido para o estado de Minas Gerais. Ap\u00f3s a captura, os agentes retornaram \u00e0 sede da DC-Polinter, no Rio, e o preso foi encaminhado ao sistema prisional, onde ficar\u00e1 \u00e0 disposi\u00e7\u00e3o da Justi\u00e7a.<\/p>\n\n\n\n<p><\/p>\n","protected":false},"excerpt":{"rendered":"<p>A pol\u00edcia prendeu um homem acusado de matar um vizinho e, ap\u00f3s o crime, atear fogo e esquartejar o corpo,<\/p>\n","protected":false},"author":5,"featured_media":10246,"comment_status":"open","ping_status":"closed","sticky":false,"template":"","format":"standard","meta":{"colormag_page_container_layout":"default_layout","colormag_page_sidebar_layout":"default_layout","footnotes":""},"categories":[8],"tags":[],"class_list":["post-10245","post","type-post","status-publish","format-standard","has-post-thumbnail","hentry","category-brasil"],"_links":{"self":[{"href":"https:\/\/itapicurufm.com.br\/index.php\/wp-json\/wp\/v2\/posts\/10245","targetHints":{"allow":["GET"]}}],"collection":[{"href":"https:\/\/itapicurufm.com.br\/index.php\/wp-json\/wp\/v2\/posts"}],"about":[{"href":"https:\/\/itapicurufm.com.br\/index.php\/wp-json\/wp\/v2\/types\/post"}],"author":[{"embeddable":true,"href":"https:\/\/itapicurufm.com.br\/index.php\/wp-json\/wp\/v2\/users\/5"}],"replies":[{"embeddable":true,"href":"https:\/\/itapicurufm.com.br\/index.php\/wp-json\/wp\/v2\/comments?post=10245"}],"version-history":[{"count":1,"href":"https:\/\/itapicurufm.com.br\/index.php\/wp-json\/wp\/v2\/posts\/10245\/revisions"}],"predecessor-version":[{"id":10247,"href":"https:\/\/itapicurufm.com.br\/index.php\/wp-json\/wp\/v2\/posts\/10245\/revisions\/10247"}],"wp:featuredmedia":[{"embeddable":true,"href":"https:\/\/itapicurufm.com.br\/index.php\/wp-json\/wp\/v2\/media\/10246"}],"wp:attachment":[{"href":"https:\/\/itapicurufm.com.br\/index.php\/wp-json\/wp\/v2\/media?parent=10245"}],"wp:term":[{"taxonomy":"category","embeddable":true,"href":"https:\/\/itapicurufm.com.br\/index.php\/wp-json\/wp\/v2\/categories?post=10245"},{"taxonomy":"post_tag","embeddable":true,"href":"https:\/\/itapicurufm.com.br\/index.php\/wp-json\/wp\/v2\/tags?post=10245"}],"curies":[{"name":"wp","href":"https:\/\/api.w.org\/{rel}","templated":true}]}}