{"id":10196,"date":"2022-02-22T13:49:37","date_gmt":"2022-02-22T16:49:37","guid":{"rendered":"https:\/\/itapicurufm.com.br\/?p=10196"},"modified":"2022-02-22T13:50:17","modified_gmt":"2022-02-22T16:50:17","slug":"aposentados-e-pensionistas-estao-isentos-da-prova-de-vida","status":"publish","type":"post","link":"https:\/\/itapicurufm.com.br\/index.php\/2022\/02\/22\/aposentados-e-pensionistas-estao-isentos-da-prova-de-vida\/","title":{"rendered":"Aposentados e pensionistas est\u00e3o isentos da prova de vida"},"content":{"rendered":"\n<p>A prova de vida para os aposentados e pensionistas benefici\u00e1rios do Instituto Nacional do Seguro Social&nbsp; (INSS), est\u00e1 suspensa at\u00e9 final de dezembro deste ano. A nova portaria foi assinada pelo presidente Jair Bolsonaro, no in\u00edcio de fevereiro.<\/p>\n\n\n\n<p>A mudan\u00e7a vigente consiste no cruzamento de dados entre as informa\u00e7\u00f5es do segurado e do&nbsp; governo federal. Toda vez que o benefici\u00e1rio movimentar outros sistemas vinculados \u00e0s contas estaduais, municipais, e de institui\u00e7\u00f5es privadas, em que o INSS tem acesso, ser\u00e1 utilizado para comprovar que o indiv\u00edduo est\u00e1 vivo.&nbsp;<\/p>\n\n\n\n<p>Est\u00e3o v\u00e1lidos os procedimentos de registro de vacina\u00e7\u00e3o, consulta m\u00e9dica no Sistema \u00danico de Sa\u00fade (SUS), emiss\u00e3o de passaporte, carteira de identidade ou de habilita\u00e7\u00e3o.<\/p>\n\n\n\n<p>Somente quando n\u00e3o for poss\u00edvel essa comprova\u00e7\u00e3o de vida que o benefici\u00e1rio ser\u00e1 notificado, no m\u00eas anterior ao de seu anivers\u00e1rio, sobre a necessidade de realiza\u00e7\u00e3o do procedimento, preferencialmente, por meio eletr\u00f4nico.<\/p>\n\n\n\n<p>Caso o cidad\u00e3o opte por realizar a prova de vida no banco, h\u00e1 possibilidade, mas o chefe da divis\u00e3o de cadastro do INSS, Marcelo Caetano, ressalta que n\u00e3o \u00e9 necess\u00e1rio efetuar o procedimento.&nbsp;<\/p>\n\n\n\n<p>Ainda de acordo com Marcelo Caetano, foi feito um plano piloto de adequa\u00e7\u00e3o da nova modalidade, com base nas diretrizes que j\u00e1 existiam com os dados veiculados ao Tribunal Superior Eleitoral e com o Detran.&nbsp;&nbsp;<\/p>\n\n\n\n<p>\u201cFoi conclu\u00eddo que um alcance significativo e que expandindo para outras bases, outras movimenta\u00e7\u00f5es, seria poss\u00edvel cobrir os 36 milh\u00f5es de brasileiros que precisam fazer a prova de vida anualmente\u201d.<\/p>\n\n\n\n<p><\/p>\n","protected":false},"excerpt":{"rendered":"<p>A prova de vida para os aposentados e pensionistas benefici\u00e1rios do Instituto Nacional do Seguro Social&nbsp; (INSS), est\u00e1 suspensa at\u00e9<\/p>\n","protected":false},"author":5,"featured_media":10199,"comment_status":"open","ping_status":"closed","sticky":false,"template":"","format":"standard","meta":{"colormag_page_container_layout":"default_layout","colormag_page_sidebar_layout":"default_layout","footnotes":""},"categories":[1],"tags":[],"class_list":["post-10196","post","type-post","status-publish","format-standard","has-post-thumbnail","hentry","category-geral"],"_links":{"self":[{"href":"https:\/\/itapicurufm.com.br\/index.php\/wp-json\/wp\/v2\/posts\/10196","targetHints":{"allow":["GET"]}}],"collection":[{"href":"https:\/\/itapicurufm.com.br\/index.php\/wp-json\/wp\/v2\/posts"}],"about":[{"href":"https:\/\/itapicurufm.com.br\/index.php\/wp-json\/wp\/v2\/types\/post"}],"author":[{"embeddable":true,"href":"https:\/\/itapicurufm.com.br\/index.php\/wp-json\/wp\/v2\/users\/5"}],"replies":[{"embeddable":true,"href":"https:\/\/itapicurufm.com.br\/index.php\/wp-json\/wp\/v2\/comments?post=10196"}],"version-history":[{"count":1,"href":"https:\/\/itapicurufm.com.br\/index.php\/wp-json\/wp\/v2\/posts\/10196\/revisions"}],"predecessor-version":[{"id":10200,"href":"https:\/\/itapicurufm.com.br\/index.php\/wp-json\/wp\/v2\/posts\/10196\/revisions\/10200"}],"wp:featuredmedia":[{"embeddable":true,"href":"https:\/\/itapicurufm.com.br\/index.php\/wp-json\/wp\/v2\/media\/10199"}],"wp:attachment":[{"href":"https:\/\/itapicurufm.com.br\/index.php\/wp-json\/wp\/v2\/media?parent=10196"}],"wp:term":[{"taxonomy":"category","embeddable":true,"href":"https:\/\/itapicurufm.com.br\/index.php\/wp-json\/wp\/v2\/categories?post=10196"},{"taxonomy":"post_tag","embeddable":true,"href":"https:\/\/itapicurufm.com.br\/index.php\/wp-json\/wp\/v2\/tags?post=10196"}],"curies":[{"name":"wp","href":"https:\/\/api.w.org\/{rel}","templated":true}]}}