{"id":10192,"date":"2022-02-22T13:37:50","date_gmt":"2022-02-22T16:37:50","guid":{"rendered":"https:\/\/itapicurufm.com.br\/?p=10192"},"modified":"2022-02-22T13:37:52","modified_gmt":"2022-02-22T16:37:52","slug":"prefeitura-de-ponto-novo-faz-campanha-especial-de-vacina-pediatrica-infanto-juvenil-para-volta-as-aulas","status":"publish","type":"post","link":"https:\/\/itapicurufm.com.br\/index.php\/2022\/02\/22\/prefeitura-de-ponto-novo-faz-campanha-especial-de-vacina-pediatrica-infanto-juvenil-para-volta-as-aulas\/","title":{"rendered":"Prefeitura de Ponto Novo faz campanha especial de vacina pedi\u00e1trica infanto-juvenil para volta \u00e0s aulas"},"content":{"rendered":"\n<figure class=\"wp-block-image size-large\"><img loading=\"lazy\" decoding=\"async\" width=\"1024\" height=\"1024\" src=\"https:\/\/itapicurufm.com.br\/wp-content\/uploads\/2022\/02\/vacina-pediatrica-1024x1024.jpg\" alt=\"\" class=\"wp-image-10193\" srcset=\"https:\/\/itapicurufm.com.br\/wp-content\/uploads\/2022\/02\/vacina-pediatrica-1024x1024.jpg 1024w, https:\/\/itapicurufm.com.br\/wp-content\/uploads\/2022\/02\/vacina-pediatrica-300x300.jpg 300w, https:\/\/itapicurufm.com.br\/wp-content\/uploads\/2022\/02\/vacina-pediatrica-150x150.jpg 150w, https:\/\/itapicurufm.com.br\/wp-content\/uploads\/2022\/02\/vacina-pediatrica-768x768.jpg 768w, https:\/\/itapicurufm.com.br\/wp-content\/uploads\/2022\/02\/vacina-pediatrica.jpg 1080w\" sizes=\"auto, (max-width: 1024px) 100vw, 1024px\" \/><\/figure>\n\n\n\n<p>A Prefeitura de Ponto Novo est\u00e1 realizando uma campanha para intensificar a vacina\u00e7\u00e3o antes da volta \u00e0s aulas na rede p\u00fablica, prevista para 07 de mar\u00e7o.<\/p>\n\n\n\n<p>As Unidades B\u00e1sicas de Sa\u00fade do munic\u00edpio est\u00e3o abertas das 8h \u00e0s 16h, com doses de vacinas pedi\u00e1tricas para imunizar especificamente estudantes a partir de 5 anos com ou sem comorbidades.<\/p>\n\n\n\n<p>Para a imuniza\u00e7\u00e3o e importante levar sua caderneta de vacina\u00e7\u00e3o e carta\u0303o SUS.<\/p>\n\n\n\n<p>Ag\u00eancia DC<\/p>\n","protected":false},"excerpt":{"rendered":"<p>A Prefeitura de Ponto Novo est\u00e1 realizando uma campanha para intensificar a vacina\u00e7\u00e3o antes da volta \u00e0s aulas na rede<\/p>\n","protected":false},"author":5,"featured_media":10194,"comment_status":"open","ping_status":"closed","sticky":false,"template":"","format":"standard","meta":{"colormag_page_container_layout":"default_layout","colormag_page_sidebar_layout":"default_layout","footnotes":""},"categories":[3],"tags":[],"class_list":["post-10192","post","type-post","status-publish","format-standard","has-post-thumbnail","hentry","category-pontonovo"],"_links":{"self":[{"href":"https:\/\/itapicurufm.com.br\/index.php\/wp-json\/wp\/v2\/posts\/10192","targetHints":{"allow":["GET"]}}],"collection":[{"href":"https:\/\/itapicurufm.com.br\/index.php\/wp-json\/wp\/v2\/posts"}],"about":[{"href":"https:\/\/itapicurufm.com.br\/index.php\/wp-json\/wp\/v2\/types\/post"}],"author":[{"embeddable":true,"href":"https:\/\/itapicurufm.com.br\/index.php\/wp-json\/wp\/v2\/users\/5"}],"replies":[{"embeddable":true,"href":"https:\/\/itapicurufm.com.br\/index.php\/wp-json\/wp\/v2\/comments?post=10192"}],"version-history":[{"count":1,"href":"https:\/\/itapicurufm.com.br\/index.php\/wp-json\/wp\/v2\/posts\/10192\/revisions"}],"predecessor-version":[{"id":10195,"href":"https:\/\/itapicurufm.com.br\/index.php\/wp-json\/wp\/v2\/posts\/10192\/revisions\/10195"}],"wp:featuredmedia":[{"embeddable":true,"href":"https:\/\/itapicurufm.com.br\/index.php\/wp-json\/wp\/v2\/media\/10194"}],"wp:attachment":[{"href":"https:\/\/itapicurufm.com.br\/index.php\/wp-json\/wp\/v2\/media?parent=10192"}],"wp:term":[{"taxonomy":"category","embeddable":true,"href":"https:\/\/itapicurufm.com.br\/index.php\/wp-json\/wp\/v2\/categories?post=10192"},{"taxonomy":"post_tag","embeddable":true,"href":"https:\/\/itapicurufm.com.br\/index.php\/wp-json\/wp\/v2\/tags?post=10192"}],"curies":[{"name":"wp","href":"https:\/\/api.w.org\/{rel}","templated":true}]}}