{"id":10085,"date":"2022-02-17T07:48:01","date_gmt":"2022-02-17T10:48:01","guid":{"rendered":"https:\/\/itapicurufm.com.br\/?p=10085"},"modified":"2022-02-17T07:48:02","modified_gmt":"2022-02-17T10:48:02","slug":"estado-afasta-315-servidores-por-falta-de-imunizacao","status":"publish","type":"post","link":"https:\/\/itapicurufm.com.br\/index.php\/2022\/02\/17\/estado-afasta-315-servidores-por-falta-de-imunizacao\/","title":{"rendered":"Estado afasta 315 servidores por falta de imuniza\u00e7\u00e3o"},"content":{"rendered":"\n<p>Ap\u00f3s decreto do governador Rui Costa que determina que sejam afastados de seus cargos servidores p\u00fablicos que n\u00e3o tenham recebido a imuniza\u00e7\u00e3o contra o coronav\u00edrus ou que se recusem a faz\u00ea-lo, 315 funcion\u00e1rios estaduais j\u00e1 tiveram suspens\u00e3o tempor\u00e1ria orientada desde 18 de janeiro.<\/p>\n\n\n\n<p>Segundo a Secretaria da Administra\u00e7\u00e3o (Saeb), as portarias afastaram servidores da Secretaria da Educa\u00e7\u00e3o (39), Uneb (34), Uesb (22), Fundac (08), Irdeb (03), Secretaria de Administra\u00e7\u00e3o Penitenci\u00e1ria (08), Pol\u00edcia Civil (17), Pol\u00edcia Militar (141), Departamento de Pol\u00edcia T\u00e9cnica (01), Secretaria de Justi\u00e7a, Direitos Humanos e Desenvolvimento Social (01), Secretaria de Desenvolvimento Econ\u00f4mico (01), Secretaria da Fazenda (08), Corpo de Bombeiros (07) e Adab (10). Por fim, 15 destes servidores s\u00e3o funcion\u00e1rios da Secretaria da Sa\u00fade.&nbsp;<\/p>\n\n\n\n<p>J\u00e1 no \u00e2mbito municipal, a Secretaria Municipal de Gest\u00e3o (Semge) diz n\u00e3o ter acesso ao n\u00famero de servidores afastados por conta da resist\u00eancia em se imunizar, j\u00e1 que somente tem o levantamento da vacina\u00e7\u00e3o dos funcion\u00e1rios por faixa et\u00e1ria.\u00a0<\/p>\n\n\n\n<p>Um caso de afastamento que chamou a aten\u00e7\u00e3o durante a semana foi a suspens\u00e3o tempor\u00e1ria da ex-mulher do prefeito de Salvador Bruno Reis, Soraya Santos, do Hospital Geral Roberto Santos. Por questionar a efic\u00e1cia da vacina, a m\u00e9dica oftalmologista se recusa a tomar o imunizante contra a Covid-19. Por ser funcion\u00e1ria concursada, ela s\u00f3 poderia ser demitida por meio de processo administrativo.&nbsp;<\/p>\n\n\n\n<p>Inicialmente, a m\u00e9dica foi penalizada com uma suspens\u00e3o de 90 dias, prorrog\u00e1vel pelo mesmo per\u00edodo. Apesar da suspens\u00e3o da rede p\u00fablica, a dona da Clioss mostrou em suas redes sociais, na quarta-feira, 16, que continua presente na cl\u00ednica. Entre postagens de indica\u00e7\u00e3o de outros m\u00e9dicos que compactuam com seus ideais antivacina, a m\u00e9dica aproveitou para ironizar as mat\u00e9rias que noticiaram seu afastamento e reclamou das fotos escolhidas para serem veiculadas.&nbsp;<\/p>\n\n\n\n<p>&#8220;Queria fazer uma queixa, vou abrir meu cora\u00e7\u00e3o para voc\u00eas [seguidores]. Sei que ando sem maquiagem, mas eu tenho umas fotos boas aqui [no perfil]. Parece que selecionaram as piores. N\u00e3o podiam ter dado uma valorizada na imagem da pessoa? N\u00e3o acho justo botar a sua pior foto em rede nacional, n\u00e3o achei legal&#8221;. A m\u00e9dica n\u00e3o comentou a suspens\u00e3o.<\/p>\n\n\n\n<p>A decis\u00e3o do governador se aplica a servidores civis e militares que est\u00e3o em atividade, al\u00e9m de integrantes dos \u00f3rg\u00e3os e entidades da administra\u00e7\u00e3o p\u00fablica do Poder Executivo estadual e de participantes do Partiu Est\u00e1gio e do Programa Primeiro Emprego. Nos textos, fica decretado que os servidores t\u00eam 30 dias ap\u00f3s a notifica\u00e7\u00e3o individual para se vacinarem. Caso n\u00e3o se imunizem, ser\u00e1 aberto um processo administrativo disciplinar, que visa o afastamento do cargo de servidor p\u00fablico.&nbsp;<\/p>\n\n\n\n<p>Publicados ainda em novembro de 2021, nos dias 16 e 25, respectivamente, os decretos n\u00b0 20.885\/2021 e n\u00b0 20.906\/ 2021, al\u00e9m das instru\u00e7\u00f5es n\u00ba 024\/2021 e n\u00b0 28\/2021, ambas da Saeb, disp\u00f5e sobre a resolu\u00e7\u00e3o. \u201cOs servidores p\u00fablicos e empregados p\u00fablicos estaduais identificados que, sem justa causa, n\u00e3o se vacinaram, dever\u00e3o ser notificados para imediatamente procederem \u00e0 devida imuniza\u00e7\u00e3o, sob pena de ado\u00e7\u00e3o das provid\u00eancias legais e regulamentares pertinentes, aqui inclu\u00eddo o afastamento cautelar de suas fun\u00e7\u00f5es\u201d, diz fragmento do texto.<\/p>\n\n\n\n<p>Ainda no come\u00e7o deste m\u00eas, o atual gestor municipal revelou que dois dos seus quatro filhos poderiam n\u00e3o ser vacinados contra a doen\u00e7a por escolha da m\u00e3e das crian\u00e7as, que tamb\u00e9m \u00e9 contra a imuniza\u00e7\u00e3o infantil. \u201cJ\u00e1 tenho uma filha vacinada, os outros dois, que moram com a m\u00e3e, que \u00e9 m\u00e9dica e contra a vacina. Eu venho manifestando a minha opini\u00e3o favor\u00e1vel que \u00e9 o que me cabe fazer neste momento, caso n\u00e3o a conven\u00e7a\u201d, defendeu o prefeito em coletiva de imprensa.&nbsp;<\/p>\n","protected":false},"excerpt":{"rendered":"<p>Ap\u00f3s decreto do governador Rui Costa que determina que sejam afastados de seus cargos servidores p\u00fablicos que n\u00e3o tenham recebido<\/p>\n","protected":false},"author":5,"featured_media":10086,"comment_status":"open","ping_status":"closed","sticky":false,"template":"","format":"standard","meta":{"colormag_page_container_layout":"default_layout","colormag_page_sidebar_layout":"default_layout","footnotes":""},"categories":[1],"tags":[],"class_list":["post-10085","post","type-post","status-publish","format-standard","has-post-thumbnail","hentry","category-geral"],"_links":{"self":[{"href":"https:\/\/itapicurufm.com.br\/index.php\/wp-json\/wp\/v2\/posts\/10085","targetHints":{"allow":["GET"]}}],"collection":[{"href":"https:\/\/itapicurufm.com.br\/index.php\/wp-json\/wp\/v2\/posts"}],"about":[{"href":"https:\/\/itapicurufm.com.br\/index.php\/wp-json\/wp\/v2\/types\/post"}],"author":[{"embeddable":true,"href":"https:\/\/itapicurufm.com.br\/index.php\/wp-json\/wp\/v2\/users\/5"}],"replies":[{"embeddable":true,"href":"https:\/\/itapicurufm.com.br\/index.php\/wp-json\/wp\/v2\/comments?post=10085"}],"version-history":[{"count":1,"href":"https:\/\/itapicurufm.com.br\/index.php\/wp-json\/wp\/v2\/posts\/10085\/revisions"}],"predecessor-version":[{"id":10087,"href":"https:\/\/itapicurufm.com.br\/index.php\/wp-json\/wp\/v2\/posts\/10085\/revisions\/10087"}],"wp:featuredmedia":[{"embeddable":true,"href":"https:\/\/itapicurufm.com.br\/index.php\/wp-json\/wp\/v2\/media\/10086"}],"wp:attachment":[{"href":"https:\/\/itapicurufm.com.br\/index.php\/wp-json\/wp\/v2\/media?parent=10085"}],"wp:term":[{"taxonomy":"category","embeddable":true,"href":"https:\/\/itapicurufm.com.br\/index.php\/wp-json\/wp\/v2\/categories?post=10085"},{"taxonomy":"post_tag","embeddable":true,"href":"https:\/\/itapicurufm.com.br\/index.php\/wp-json\/wp\/v2\/tags?post=10085"}],"curies":[{"name":"wp","href":"https:\/\/api.w.org\/{rel}","templated":true}]}}